{"id":4909,"date":"2011-04-10T17:05:14","date_gmt":"2011-04-10T16:05:14","guid":{"rendered":"http:\/\/aula21.net\/aulablog21\/?p=4909"},"modified":"2011-04-10T17:06:36","modified_gmt":"2011-04-10T16:06:36","slug":"ana-%c2%bfhay-algo-que-no-se-pueda-hacer-con-la-pizarra","status":"publish","type":"post","link":"http:\/\/aula21.net\/aulablog21\/archives\/2011\/04\/10\/ana-%c2%bfhay-algo-que-no-se-pueda-hacer-con-la-pizarra\/","title":{"rendered":"Ana&#8230; \u00bf hay algo que no se pueda hacer con la pizarra ?"},"content":{"rendered":"<p><!--adsense--><br \/>\nAna&#8230; \u00bf hay algo que no se pueda hacer con la pizarra ? es lo \u00fanico que se me ocurre despu\u00e9s de leer el art\u00edculo de Ana Basterra titulado\u00a0 <a href=\"http:\/\/anabast.wordpress.com\/2011\/04\/10\/la-pizarra-digital-en-el-aula-%C2%BFpara-que\/\">La pizarra Digital en el aula&#8230; \u00bfpara qu\u00e9?<\/a><br \/>\nLa califico como una de las mejores presentaciones que he visto en mi vida, imprescindible para cualquier profesor, en especial para los de \u00c1mbito Social y Ling\u00fc\u00edstico.<\/p>\n<p style=\"text-align: center;\"><a href=\"http:\/\/anabast.wordpress.com\/2011\/04\/10\/la-pizarra-digital-en-el-aula-%C2%BFpara-que\/\" target=\"_blank\"><img loading=\"lazy\" decoding=\"async\" class=\"aligncenter size-full wp-image-4910\" title=\"Captura de pantalla 2011-04-10 a las 18.02.07\" src=\"http:\/\/aula21.net\/aulablog21\/wp-content\/uploads\/2011\/04\/Captura-de-pantalla-2011-04-10-a-las-18.02.07.png\" alt=\"Captura de pantalla 2011-04-10 a las 18.02.07\" width=\"507\" height=\"431\" srcset=\"http:\/\/aula21.net\/aulablog21\/wp-content\/uploads\/2011\/04\/Captura-de-pantalla-2011-04-10-a-las-18.02.07.png 563w, http:\/\/aula21.net\/aulablog21\/wp-content\/uploads\/2011\/04\/Captura-de-pantalla-2011-04-10-a-las-18.02.07-300x255.png 300w\" sizes=\"auto, (max-width: 507px) 100vw, 507px\" \/><\/a><\/p>\n","protected":false},"excerpt":{"rendered":"<p>Ana&#8230; \u00bf hay algo que no se pueda hacer con la pizarra ? es lo \u00fanico que se me ocurre despu\u00e9s de leer el art\u00edculo de Ana Basterra titulado\u00a0 La pizarra Digital en el aula&#8230; \u00bfpara qu\u00e9? La califico como una de las mejores presentaciones que he visto en mi vida, imprescindible para cualquier profesor, [&hellip;]<\/p>\n","protected":false},"author":1,"featured_media":0,"comment_status":"open","ping_status":"open","sticky":false,"template":"","format":"standard","meta":{"footnotes":""},"categories":[8],"tags":[],"class_list":["post-4909","post","type-post","status-publish","format-standard","hentry","category-educacion_e_internet"],"_links":{"self":[{"href":"http:\/\/aula21.net\/aulablog21\/wp-json\/wp\/v2\/posts\/4909","targetHints":{"allow":["GET"]}}],"collection":[{"href":"http:\/\/aula21.net\/aulablog21\/wp-json\/wp\/v2\/posts"}],"about":[{"href":"http:\/\/aula21.net\/aulablog21\/wp-json\/wp\/v2\/types\/post"}],"author":[{"embeddable":true,"href":"http:\/\/aula21.net\/aulablog21\/wp-json\/wp\/v2\/users\/1"}],"replies":[{"embeddable":true,"href":"http:\/\/aula21.net\/aulablog21\/wp-json\/wp\/v2\/comments?post=4909"}],"version-history":[{"count":0,"href":"http:\/\/aula21.net\/aulablog21\/wp-json\/wp\/v2\/posts\/4909\/revisions"}],"wp:attachment":[{"href":"http:\/\/aula21.net\/aulablog21\/wp-json\/wp\/v2\/media?parent=4909"}],"wp:term":[{"taxonomy":"category","embeddable":true,"href":"http:\/\/aula21.net\/aulablog21\/wp-json\/wp\/v2\/categories?post=4909"},{"taxonomy":"post_tag","embeddable":true,"href":"http:\/\/aula21.net\/aulablog21\/wp-json\/wp\/v2\/tags?post=4909"}],"curies":[{"name":"wp","href":"https:\/\/api.w.org\/{rel}","templated":true}]}}