{"id":4946,"date":"2011-04-13T09:43:38","date_gmt":"2011-04-13T08:43:38","guid":{"rendered":"http:\/\/aula21.net\/aulablog21\/?p=4946"},"modified":"2011-04-13T09:59:25","modified_gmt":"2011-04-13T08:59:25","slug":"congreso-escuela-2-0-en-zaragoza","status":"publish","type":"post","link":"http:\/\/aula21.net\/aulablog21\/archives\/2011\/04\/13\/congreso-escuela-2-0-en-zaragoza\/","title":{"rendered":"II Congreso Escuela 2.0 en Zaragoza"},"content":{"rendered":"<p><!--adsense--><\/p>\n<p style=\"margin-bottom: 1.5em; line-height: 20px; text-align: justify;\"><a href=\"http:\/\/aula21.net\/aulablog21\/wp-content\/uploads\/2011\/04\/grafico-open-2.jpg\"><img loading=\"lazy\" decoding=\"async\" class=\"alignleft size-medium wp-image-4950\" style=\"margin: 9px;\" title=\"grafico-open-2\" src=\"http:\/\/aula21.net\/aulablog21\/wp-content\/uploads\/2011\/04\/grafico-open-2-300x286.jpg\" alt=\"grafico-open-2\" width=\"216\" height=\"206\" \/><\/a>El Ministerio de Educaci\u00f3n, a trav\u00e9s del Instituto de Tecnolog\u00edas Educativas, y el departamento de Educaci\u00f3n, Cultura y Deporte del Gobierno de Arag\u00f3n, organizan <a href=\"http:\/\/www.ite.educacion.es\/es\/escuela-20\/ii-congreso-escuela-20\" target=\"_blank\">el II Congreso Escuela 2.0<\/a>, que se celebrar\u00e1 en Zaragoza los d\u00edas 13, 14 y 15 de abril de 2011. Este congreso tiene como finalidad proporcionar un marco de encuentro de profesores participantes en el programa Escuela 2.0, de responsables educativos de las distintas comunidades y ciudades aut\u00f3nomas y de profesionales y empresas vinculadas al \u00e1mbito de las TIC en educaci\u00f3n.<\/p>\n<p style=\"margin-bottom: 1.5em; line-height: 20px; text-align: justify;\">Las actividades girar\u00e1n en torno a la presentaci\u00f3n y el intercambio de experiencias desarrolladas en las aulas digitales a lo largo de estos dos cursos de puesta en marcha del programa. Se desarrollar\u00e1n tambi\u00e9n foros de reflexi\u00f3n y mesas redondas sobre ejes fundamentales del programa y sus implicaciones educativas y sociales y talleres sobre aplicaciones y proyectos relacionados con la integraci\u00f3n de las TIC en el \u00e1mbito escolar.<\/p>\n<div class=\"prezi-player\" style=\"text-align: center;\"><!-- .prezi-player { width: 460px; } .prezi-player-links { text-align: center; } --> <a title=\"Ponencia inaugural congreso Escuela 2.0 Zaragoza.\" href=\"http:\/\/prezi.com\/bpxkuwpppvj_\/ponencia-inaugural-congreso-escuela-20-zaragoza\/\">Ponencia inaugural Congreso Escuela 2.0 &#8211; Zaragoza<\/a> on <a href=\"http:\/\/prezi.com\">Prezi<\/a><\/div>\n<p style=\"margin-bottom: 1.5em; line-height: 20px; text-align: justify;\">\n<p style=\"margin-bottom: 1.5em; line-height: 20px; text-align: justify;\"><a title=\"II Congreso Escuela 2.0\" href=\"http:\/\/www.ite.educacion.es\/es\/escuela-20\/ii-congreso-escuela-20\" target=\"_self\">Visita la web del congreso<\/a> donde tenemos acceso a v\u00eddeos, esperiencias, ponencias, comunicaciones\u00a0 y foros.<\/p>\n","protected":false},"excerpt":{"rendered":"<p>El Ministerio de Educaci\u00f3n, a trav\u00e9s del Instituto de Tecnolog\u00edas Educativas, y el departamento de Educaci\u00f3n, Cultura y Deporte del Gobierno de Arag\u00f3n, organizan el II Congreso Escuela 2.0, que se celebrar\u00e1 en Zaragoza los d\u00edas 13, 14 y 15 de abril de 2011. Este congreso tiene como finalidad proporcionar un marco de encuentro de [&hellip;]<\/p>\n","protected":false},"author":1,"featured_media":0,"comment_status":"open","ping_status":"open","sticky":false,"template":"","format":"standard","meta":{"footnotes":""},"categories":[19,25,38,18],"tags":[],"class_list":["post-4946","post","type-post","status-publish","format-standard","hentry","category-educacion","category-eventos","category-formacion","category-tic"],"_links":{"self":[{"href":"http:\/\/aula21.net\/aulablog21\/wp-json\/wp\/v2\/posts\/4946","targetHints":{"allow":["GET"]}}],"collection":[{"href":"http:\/\/aula21.net\/aulablog21\/wp-json\/wp\/v2\/posts"}],"about":[{"href":"http:\/\/aula21.net\/aulablog21\/wp-json\/wp\/v2\/types\/post"}],"author":[{"embeddable":true,"href":"http:\/\/aula21.net\/aulablog21\/wp-json\/wp\/v2\/users\/1"}],"replies":[{"embeddable":true,"href":"http:\/\/aula21.net\/aulablog21\/wp-json\/wp\/v2\/comments?post=4946"}],"version-history":[{"count":0,"href":"http:\/\/aula21.net\/aulablog21\/wp-json\/wp\/v2\/posts\/4946\/revisions"}],"wp:attachment":[{"href":"http:\/\/aula21.net\/aulablog21\/wp-json\/wp\/v2\/media?parent=4946"}],"wp:term":[{"taxonomy":"category","embeddable":true,"href":"http:\/\/aula21.net\/aulablog21\/wp-json\/wp\/v2\/categories?post=4946"},{"taxonomy":"post_tag","embeddable":true,"href":"http:\/\/aula21.net\/aulablog21\/wp-json\/wp\/v2\/tags?post=4946"}],"curies":[{"name":"wp","href":"https:\/\/api.w.org\/{rel}","templated":true}]}}