{"id":4958,"date":"2011-04-13T10:18:01","date_gmt":"2011-04-13T09:18:01","guid":{"rendered":"http:\/\/aula21.net\/aulablog21\/?p=4958"},"modified":"2011-04-13T10:21:44","modified_gmt":"2011-04-13T09:21:44","slug":"programa-campus-cientificos-de-verano-para-alumnos-de-ensenanza-secundaria-y-bachillerato-durante-el-ano-2011","status":"publish","type":"post","link":"http:\/\/aula21.net\/aulablog21\/archives\/2011\/04\/13\/programa-campus-cientificos-de-verano-para-alumnos-de-ensenanza-secundaria-y-bachillerato-durante-el-ano-2011\/","title":{"rendered":"Programa \u00abCampus Cient\u00edficos de Verano\u00bb para alumnos de 4\u00ba de ESO y Bachillerato durante el a\u00f1o 2011"},"content":{"rendered":"<p><a href=\"http:\/\/www.boe.es\/boe\/dias\/2011\/04\/13\/pdfs\/BOE-A-2011-6683.pdf\" target=\"_blank\">Orden EDU\/894\/2011, de 8 de abril, <\/a>por la que se convocan ayudas para participar en el Programa \u00abCampus Cient\u00edficos de Verano\u00bb para alumnos de Ense\u00f1anza Secundaria y Bachillerato durante el a\u00f1o 2011.<\/p>\n<blockquote><p>Se convocan 1.200 ayudas en r\u00e9gimen de concurrencia competitiva para participar en el a\u00f1o 2011 en el Programa \u00abCampus Cient\u00edficos de Verano\u00bb, para alumnos que se encuentren cursando en el a\u00f1o acad\u00e9mico 2010-2011, cuarto curso de Ense\u00f1anza Secundaria Obligatoria o primer curso de Bachillerato del \u00e1rea cient\u00edfica.<br \/>\nLos Campus se desarrollar\u00e1n del 3 al 30 de julio de 2011 en institutos y\/o departamentos de investigaci\u00f3n adscritos a los Campus de Excelencia Internacional (CEI) o Regional (CER) en dos turnos de 14 d\u00edas de duraci\u00f3n cada uno<\/p><\/blockquote>\n<p><object classid=\"clsid:d27cdb6e-ae6d-11cf-96b8-444553540000\" width=\"466\" height=\"400\" codebase=\"http:\/\/download.macromedia.com\/pub\/shockwave\/cabs\/flash\/swflash.cab#version=6,0,40,0\"><param name=\"src\" value=\"http:\/\/embedit.in\/R43TJoDDXp.swf\" \/><param name=\"allowfullscreen\" value=\"true\" \/><embed type=\"application\/x-shockwave-flash\" width=\"466\" height=\"400\" src=\"http:\/\/embedit.in\/R43TJoDDXp.swf\" allowfullscreen=\"true\"><\/embed><\/object><\/p>\n<p style=\"text-align: center;\">M\u00e1s informaci\u00f3n en <a href=\"http:\/\/www.campuscientificos.com\/Publico\/index.aspx\" target=\"_blank\">www.campuscientificos.es<\/a><\/p>\n","protected":false},"excerpt":{"rendered":"<p>Orden EDU\/894\/2011, de 8 de abril, por la que se convocan ayudas para participar en el Programa \u00abCampus Cient\u00edficos de Verano\u00bb para alumnos de Ense\u00f1anza Secundaria y Bachillerato durante el a\u00f1o 2011. Se convocan 1.200 ayudas en r\u00e9gimen de concurrencia competitiva para participar en el a\u00f1o 2011 en el Programa \u00abCampus Cient\u00edficos de Verano\u00bb, para [&hellip;]<\/p>\n","protected":false},"author":1,"featured_media":0,"comment_status":"open","ping_status":"open","sticky":false,"template":"","format":"standard","meta":{"footnotes":""},"categories":[19,8,38],"tags":[],"class_list":["post-4958","post","type-post","status-publish","format-standard","hentry","category-educacion","category-educacion_e_internet","category-formacion"],"_links":{"self":[{"href":"http:\/\/aula21.net\/aulablog21\/wp-json\/wp\/v2\/posts\/4958","targetHints":{"allow":["GET"]}}],"collection":[{"href":"http:\/\/aula21.net\/aulablog21\/wp-json\/wp\/v2\/posts"}],"about":[{"href":"http:\/\/aula21.net\/aulablog21\/wp-json\/wp\/v2\/types\/post"}],"author":[{"embeddable":true,"href":"http:\/\/aula21.net\/aulablog21\/wp-json\/wp\/v2\/users\/1"}],"replies":[{"embeddable":true,"href":"http:\/\/aula21.net\/aulablog21\/wp-json\/wp\/v2\/comments?post=4958"}],"version-history":[{"count":0,"href":"http:\/\/aula21.net\/aulablog21\/wp-json\/wp\/v2\/posts\/4958\/revisions"}],"wp:attachment":[{"href":"http:\/\/aula21.net\/aulablog21\/wp-json\/wp\/v2\/media?parent=4958"}],"wp:term":[{"taxonomy":"category","embeddable":true,"href":"http:\/\/aula21.net\/aulablog21\/wp-json\/wp\/v2\/categories?post=4958"},{"taxonomy":"post_tag","embeddable":true,"href":"http:\/\/aula21.net\/aulablog21\/wp-json\/wp\/v2\/tags?post=4958"}],"curies":[{"name":"wp","href":"https:\/\/api.w.org\/{rel}","templated":true}]}}