{"id":4972,"date":"2011-04-14T13:23:52","date_gmt":"2011-04-14T12:23:52","guid":{"rendered":"http:\/\/aula21.net\/aulablog21\/?p=4972"},"modified":"2011-04-14T18:25:54","modified_gmt":"2011-04-14T17:25:54","slug":"entrevista-a-carolina","status":"publish","type":"post","link":"http:\/\/aula21.net\/aulablog21\/archives\/2011\/04\/14\/entrevista-a-carolina\/","title":{"rendered":"Entrevista a Carolina Coronado"},"content":{"rendered":"<p><a href=\"http:\/\/aula21.net\/aulablog21\/wp-content\/uploads\/2011\/04\/Captura-de-pantalla-2011-04-14-a-las-14.18.19.png\"><img loading=\"lazy\" decoding=\"async\" class=\"alignleft size-full wp-image-4973\" style=\"margin: 11px;\" title=\"Captura de pantalla 2011-04-14 a las 14.18.19\" src=\"http:\/\/aula21.net\/aulablog21\/wp-content\/uploads\/2011\/04\/Captura-de-pantalla-2011-04-14-a-las-14.18.19.png\" alt=\"Captura de pantalla 2011-04-14 a las 14.18.19\" width=\"107\" height=\"252\" \/><\/a>Ayer me compr\u00e9 un <a href=\"http:\/\/www.sony.es\/product\/nws-b-series\" target=\"_blank\">Sony \u00a0Wolkman<\/a> (59 Euros) y me alegro un mont\u00f3n de haberlo hecho pues me permite grabar en el aula con toda comodidad y facilidad.<\/p>\n<p>Para probarlo he propuesto a mis alumnos de 4\u00ba que leyesen algo sobre la vida de <a href=\"http:\/\/es.wikipedia.org\/wiki\/Carolina_Coronado\" target=\"_blank\">Carolina Coronado<\/a>, poetisa nacida en Almendralejo con objeto de recrear una entrevista ficticia con ella para un supuesto programa de Radio.<\/p>\n<ul>\n<li>Por sorteo una de las alumnas ha sido elegida para hacer el papel de Carolina pues ninguna se ofreci\u00f3 voluntaria para ello.<\/li>\n<li>Cada uno deb\u00eda de formular a la poetisa dos preguntas.<\/li>\n<li>Yo act\u00fao como dinamizador del supuesto programa de radio.<\/li>\n<li>El walkman graba en formato wav que se puede editar con Audacity.<\/li>\n<\/ul>\n<ul>\n<li>El Walkman ha sido reconocido tanto en Windows como en Mac sin necesidad de instalar nada especial.<\/li>\n<\/ul>\n<ul>\n<div id=\"__ss_1486880\" style=\"width: 425px;\"><strong><a title=\"Tutorial Edici\u00f3n de sonido en Audacity\" href=\"http:\/\/www.slideshare.net\/amlezama\/tutorial-edicin-de-sonido-en-audacity\">Tutorial Edici\u00f3n de sonido en Audacity<\/a><\/strong> <object id=\"__sse1486880\" classid=\"clsid:d27cdb6e-ae6d-11cf-96b8-444553540000\" width=\"425\" height=\"355\" codebase=\"http:\/\/download.macromedia.com\/pub\/shockwave\/cabs\/flash\/swflash.cab#version=6,0,40,0\"><param name=\"allowFullScreen\" value=\"true\" \/><param name=\"allowScriptAccess\" value=\"always\" \/><param name=\"src\" value=\"http:\/\/static.slidesharecdn.com\/swf\/ssplayer2.swf?doc=tutorialedicindesonido-090525145415-phpapp02&amp;stripped_title=tutorial-edicin-de-sonido-en-audacity&amp;userName=amlezama\" \/><param name=\"name\" value=\"__sse1486880\" \/><param name=\"allowfullscreen\" value=\"true\" \/><embed id=\"__sse1486880\" type=\"application\/x-shockwave-flash\" width=\"425\" height=\"355\" src=\"http:\/\/static.slidesharecdn.com\/swf\/ssplayer2.swf?doc=tutorialedicindesonido-090525145415-phpapp02&amp;stripped_title=tutorial-edicin-de-sonido-en-audacity&amp;userName=amlezama\" name=\"__sse1486880\" allowscriptaccess=\"always\" allowfullscreen=\"true\"><\/embed><\/object><\/div>\n<p>Una vez exportado como mp3 con Audacity lo he subido a <a href=\"http:\/\/www.ivoox.com\">Ivoox<\/a>, servicio sobre el que hace tiempo publique un <a href=\"http:\/\/www.educacontic.es\/blog\/ivoox-la-letra-con-audio-entra\" target=\"_blank\">art\u00edculo en educ@contic<\/a>. He aqu\u00ed el resultado despu\u00e9s de unos leves retoques.<br \/>\n<object id=\"player615663\" classid=\"clsid:d27cdb6e-ae6d-11cf-96b8-444553540000\" width=\"240\" height=\"133\" codebase=\"http:\/\/download.macromedia.com\/pub\/shockwave\/cabs\/flash\/swflash.cab#version=6,0,40,0\"><param name=\"AllowScriptAccess\" value=\"always\" \/><param name=\"allowFullScreen\" value=\"true\" \/><param name=\"wmode\" value=\"transparent\" \/><param name=\"src\" value=\"http:\/\/www.ivoox.com\/playerivoox_ee_615663_1.html\" \/><param name=\"allowfullscreen\" value=\"true\" \/><embed id=\"player615663\" type=\"application\/x-shockwave-flash\" width=\"240\" height=\"133\" src=\"http:\/\/www.ivoox.com\/playerivoox_ee_615663_1.html\" wmode=\"transparent\" allowfullscreen=\"true\" allowscriptaccess=\"always\"><\/embed><\/object><\/p>\n<p>Esto de las entrevistas a personajes hist\u00f3ricos ya fallecidos es algo que me parece de gran inter\u00e9s did\u00e1ctico, seguiremos probando, ma\u00f1ana entrevistaremos a Madame Curie.<\/p>\n<p>Los alumnos, en clase de mi compa\u00f1era Hortensia, hab\u00edan trabajado el tema y dise\u00f1ado algunas presentaciones en Photopeach <a href=\"http:\/\/superdiver3.blogspot.com\/2011\/03\/homenaje-carolina-en-photopeach.html\">como esta. <\/a><br \/>\n<a href=\"http:\/\/bibliotecaiescarolina.wordpress.com\/\">En el blog de la biblioteca <\/a>podemos ver las actividades que con motivo del primer centenario de su muerte se han celebrado en nuestro centro.<\/p>\n<p>Ha sido todo improvisado pero el asunto me entusiasma, creo que merce la pena planificarlo mejor y dise\u00f1ar un proyecto para el \u00e1mbito cient\u00edfico.<br \/>\n\u00bf Ser\u00e1 esto el comienzo de nuestra propia Radio de aula ?, el tiempo lo dir\u00e1, de momento he preparado la cabecera de nuestra futura Radio para animarme.<\/p>\n<p style=\"text-align: center;\"><a href=\"http:\/\/aula21.net\/aulablog21\/wp-content\/uploads\/2011\/04\/Captura-de-pantalla-2011-04-14-a-las-14.30.04.png\"><img loading=\"lazy\" decoding=\"async\" class=\"size-full wp-image-4978 aligncenter\" title=\"Captura de pantalla 2011-04-14 a las 14.30.04\" src=\"http:\/\/aula21.net\/aulablog21\/wp-content\/uploads\/2011\/04\/Captura-de-pantalla-2011-04-14-a-las-14.30.04.png\" alt=\"Captura de pantalla 2011-04-14 a las 14.30.04\" width=\"454\" height=\"141\" srcset=\"http:\/\/aula21.net\/aulablog21\/wp-content\/uploads\/2011\/04\/Captura-de-pantalla-2011-04-14-a-las-14.30.04.png 568w, http:\/\/aula21.net\/aulablog21\/wp-content\/uploads\/2011\/04\/Captura-de-pantalla-2011-04-14-a-las-14.30.04-300x92.png 300w\" sizes=\"auto, (max-width: 454px) 100vw, 454px\" \/><\/a><\/p>\n<\/ul>\n<p><strong>Actualizaci\u00f3n: <\/strong>Jos\u00e9 Luis Gamboa me comunica que sus alumnos <a href=\"http:\/\/proyectorosaleda3.blogspot.com\/2011\/04\/vida-y-obra-de-carolina-coronado.html\" target=\"_blank\">han hecho algo similar <\/a> pero memos improvisado , por algo Gamboa es un maestro de los podcast como en su d\u00eda puse de manifiesto en<a href=\"http:\/\/recursostic.educacion.es\/heda\/web\/es\/bachillerato\/108-jose-luis-gamboa-la-pasion-por-el-uso-educativo-de-los-podcasts\" target=\"_blank\"> el art\u00edculo que sobre \u00e9l publiqu\u00e9 en Red BP 2.0<\/a>. Tambi\u00e9n ha hecho <a href=\"http:\/\/proyectorosaleda3.blogspot.com\/2011\/04\/hotpotatoes-sobre-carolina-coronado.html\" target=\"_blank\">un HotPotatoes sobre Carolina<\/a>.<\/p>\n","protected":false},"excerpt":{"rendered":"<p>Ayer me compr\u00e9 un Sony \u00a0Wolkman (59 Euros) y me alegro un mont\u00f3n de haberlo hecho pues me permite grabar en el aula con toda comodidad y facilidad. Para probarlo he propuesto a mis alumnos de 4\u00ba que leyesen algo sobre la vida de Carolina Coronado, poetisa nacida en Almendralejo con objeto de recrear una [&hellip;]<\/p>\n","protected":false},"author":1,"featured_media":0,"comment_status":"open","ping_status":"open","sticky":false,"template":"","format":"standard","meta":{"footnotes":""},"categories":[1,7,2],"tags":[],"class_list":["post-4972","post","type-post","status-publish","format-standard","hentry","category-miscelanea","category-personal","category-weblogs_en_el_aula"],"_links":{"self":[{"href":"http:\/\/aula21.net\/aulablog21\/wp-json\/wp\/v2\/posts\/4972","targetHints":{"allow":["GET"]}}],"collection":[{"href":"http:\/\/aula21.net\/aulablog21\/wp-json\/wp\/v2\/posts"}],"about":[{"href":"http:\/\/aula21.net\/aulablog21\/wp-json\/wp\/v2\/types\/post"}],"author":[{"embeddable":true,"href":"http:\/\/aula21.net\/aulablog21\/wp-json\/wp\/v2\/users\/1"}],"replies":[{"embeddable":true,"href":"http:\/\/aula21.net\/aulablog21\/wp-json\/wp\/v2\/comments?post=4972"}],"version-history":[{"count":0,"href":"http:\/\/aula21.net\/aulablog21\/wp-json\/wp\/v2\/posts\/4972\/revisions"}],"wp:attachment":[{"href":"http:\/\/aula21.net\/aulablog21\/wp-json\/wp\/v2\/media?parent=4972"}],"wp:term":[{"taxonomy":"category","embeddable":true,"href":"http:\/\/aula21.net\/aulablog21\/wp-json\/wp\/v2\/categories?post=4972"},{"taxonomy":"post_tag","embeddable":true,"href":"http:\/\/aula21.net\/aulablog21\/wp-json\/wp\/v2\/tags?post=4972"}],"curies":[{"name":"wp","href":"https:\/\/api.w.org\/{rel}","templated":true}]}}