{"id":5017,"date":"2011-04-22T18:07:08","date_gmt":"2011-04-22T17:07:08","guid":{"rendered":"http:\/\/aula21.net\/aulablog21\/?p=5017"},"modified":"2011-04-22T18:10:52","modified_gmt":"2011-04-22T17:10:52","slug":"que-la-lectura-no-sea-una-tortura","status":"publish","type":"post","link":"http:\/\/aula21.net\/aulablog21\/archives\/2011\/04\/22\/que-la-lectura-no-sea-una-tortura\/","title":{"rendered":"Que la lectura no sea una tortura"},"content":{"rendered":"<p>Meli San Mart\u00edn, una de las musas de la Cultura Cl\u00e1sica 2.0, se he unido a <a href=\"http:\/\/aula21.net\/aulablog21\/archives\/2011\/04\/04\/los-derechos-del-lector\/\">la campa\u00f1a por una lectura sin ex\u00e1menes<\/a>.<\/p>\n<p>Ha publicado al respecto<a href=\"http:\/\/clasicas20.blogspot.com\/2011\/04\/campana-por-una-lectura-sin-examenes.html\" target=\"_self\"> un art\u00edculo en uno de sus blogs<\/a> y ha creado esta bonita imagen que nos invita a poner a nuestros blog:<br \/>\n<a href=\"http:\/\/clasicas20.blogspot.com\/2011\/04\/campana-por-una-lectura-sin-examenes.html\"><img loading=\"lazy\" decoding=\"async\" class=\"aligncenter\" style=\"border: 1px solid black;\" src=\"http:\/\/1.bp.blogspot.com\/-78hhosVvpgA\/TbBXPjj8AzI\/AAAAAAAAM1A\/xhPks9ShdUI\/s320\/lectura.JPG  border=\" alt=\"\" width=\"320\" height=\"200\" \/><\/a><br \/>\n<a href=\"http:\/\/labitacoradelalengua.blogspot.com\/\" target=\"_blank\">Por si no lo sabes la  bit\u00e1cora de la Lengua<\/a> fue la que comenz\u00f3 una campa\u00f1a por <span style=\"font-weight: bold;\">Una lectura sin ex\u00e1menes<\/span>, sobre la  base de que:<\/p>\n<p>\u00ab&#8230;los  chicos y chicas deben leer, hay que hacer  algo para conseguir que  lean  y obligarles a leer un libro que no les  interesa y del que luego  van a  tener un examen no es el camino. De  hecho, hay muchos  alumnos que   leen cualquier cosa, que leen mucho y,  sin embargo suspenden el examen   de lectura; simplemente no les  interesa lo que les obligamos a leer\u00bb.<\/p>\n<p>Una magn\u00edfica forma de celebrar en nuestros blogs que ma\u00f1ana es<a href=\"http:\/\/portal.unesco.org\/culture\/es\/ev.php-URL_ID=5125&amp;URL_DO=DO_TOPIC&amp;URL_SECTION=201.html\" target=\"_blank\"> el d\u00eda internacional del libro<\/a>.<\/p>\n<p>Creo necesario y conveniente empezar una campa\u00f1a m\u00e1s ambiciosa, <strong>que estudiar y aprender no sea una tortura<\/strong>.<\/p>\n","protected":false},"excerpt":{"rendered":"<p>Meli San Mart\u00edn, una de las musas de la Cultura Cl\u00e1sica 2.0, se he unido a la campa\u00f1a por una lectura sin ex\u00e1menes. Ha publicado al respecto un art\u00edculo en uno de sus blogs y ha creado esta bonita imagen que nos invita a poner a nuestros blog: Por si no lo sabes la bit\u00e1cora [&hellip;]<\/p>\n","protected":false},"author":1,"featured_media":0,"comment_status":"open","ping_status":"open","sticky":false,"template":"","format":"standard","meta":{"footnotes":""},"categories":[19,29,1,2],"tags":[],"class_list":["post-5017","post","type-post","status-publish","format-standard","hentry","category-educacion","category-lecturas","category-miscelanea","category-weblogs_en_el_aula"],"_links":{"self":[{"href":"http:\/\/aula21.net\/aulablog21\/wp-json\/wp\/v2\/posts\/5017","targetHints":{"allow":["GET"]}}],"collection":[{"href":"http:\/\/aula21.net\/aulablog21\/wp-json\/wp\/v2\/posts"}],"about":[{"href":"http:\/\/aula21.net\/aulablog21\/wp-json\/wp\/v2\/types\/post"}],"author":[{"embeddable":true,"href":"http:\/\/aula21.net\/aulablog21\/wp-json\/wp\/v2\/users\/1"}],"replies":[{"embeddable":true,"href":"http:\/\/aula21.net\/aulablog21\/wp-json\/wp\/v2\/comments?post=5017"}],"version-history":[{"count":0,"href":"http:\/\/aula21.net\/aulablog21\/wp-json\/wp\/v2\/posts\/5017\/revisions"}],"wp:attachment":[{"href":"http:\/\/aula21.net\/aulablog21\/wp-json\/wp\/v2\/media?parent=5017"}],"wp:term":[{"taxonomy":"category","embeddable":true,"href":"http:\/\/aula21.net\/aulablog21\/wp-json\/wp\/v2\/categories?post=5017"},{"taxonomy":"post_tag","embeddable":true,"href":"http:\/\/aula21.net\/aulablog21\/wp-json\/wp\/v2\/tags?post=5017"}],"curies":[{"name":"wp","href":"https:\/\/api.w.org\/{rel}","templated":true}]}}