{"id":5044,"date":"2011-04-25T18:51:51","date_gmt":"2011-04-25T17:51:51","guid":{"rendered":"http:\/\/aula21.net\/aulablog21\/?p=5044"},"modified":"2011-04-25T18:57:01","modified_gmt":"2011-04-25T17:57:01","slug":"2011-ano-internacional-del-alzheimer","status":"publish","type":"post","link":"http:\/\/aula21.net\/aulablog21\/archives\/2011\/04\/25\/2011-ano-internacional-del-alzheimer\/","title":{"rendered":"2011 A\u00f1o Internacional del Alzheimer"},"content":{"rendered":"<p><!--adsense--><br \/>\nBuscando materiales sobre el alzheimer para mis alumnos me entero que este 2011 tambi\u00e9n se celebra el A\u00f1o Internacional del Alzheimer. Escuchemos que nos dicen al respecto en el programa Entre probetas emitido hoy en RNE :<br \/>\n<object id=\"player1082391\" classid=\"clsid:d27cdb6e-ae6d-11cf-96b8-444553540000\" width=\"425\" height=\"37\" codebase=\"http:\/\/download.macromedia.com\/pub\/shockwave\/cabs\/flash\/swflash.cab#version=6,0,40,0\"><param name=\"allowScriptAccess\" value=\"always\" \/><param name=\"allowFullScreen\" value=\"true\" \/><param name=\"flashvars\" value=\"assetID=1082391_es_audios&amp;location=embed\" \/><param name=\"src\" value=\"http:\/\/www.rtve.es\/swf\/4.0.17\/RTVEPlayerAudio.swf\" \/><param name=\"allowfullscreen\" value=\"true\" \/><embed id=\"player1082391\" type=\"application\/x-shockwave-flash\" width=\"425\" height=\"37\" src=\"http:\/\/www.rtve.es\/swf\/4.0.17\/RTVEPlayerAudio.swf\" flashvars=\"assetID=1082391_es_audios&amp;location=embed\" allowfullscreen=\"true\" allowscriptaccess=\"always\"><\/embed><\/object><\/p>\n<ul style=\"padding: 4px 0 8px 5%; width: 95%; display: block; font-size: 10px; text-align: left; border-bottom: 1px solid #999; background: url(http:\/\/www.rtve.es\/favicon.ico) no-repeat left 2px;\">\n<li style=\"display:inline;\"><a title=\"A la carta\" href=\"http:\/\/www.rtve.es\/alacarta\/\"><strong>A la carta<\/strong><\/a><\/li>\n<li style=\"display:inline;\"><span style=\"color:#000;\"> &gt; <\/span><a title=\"Radio\" href=\"http:\/\/www.rtve.es\/alacarta\/rne\/\">Radio<\/a><\/li>\n<li style=\"display:inline;\"><span style=\"color:#000;\"> &gt; <\/span><a title=\"Radio 5\" href=\"http:\/\/www.rtve.es\/alacarta\/rne\/radio-5\/\">Radio 5<\/a><\/li>\n<li style=\"display:inline;\"><span style=\"color:#000;\"> &gt; <\/span><a title=\"Entre Probetas\" href=\"http:\/\/www.rtve.es\/alacarta\/audios\/entre-probetas\/\">Entre Probetas<\/a><\/li>\n<li style=\"display:inline;\"><span style=\"color:#000;\"> &gt; <\/span><a title=\"Entre probetas - Alzheimer - 25\/04\/11\" href=\"http:\/\/www.rtve.es\/alacarta\/audios\/entre-probetas\/entre-probetas-alzheimer-25-04-11\/1082391\/\">Entre probetas &#8211; Alzheimer &#8211; 25\/04\/11<\/a><\/li>\n<\/ul>\n<p>Se trata de una dolencia que seg\u00fan los expertos, podr\u00eda alcanzar dimensiones epid\u00e9micas en un futuro debido al envejecimiento de la poblaci\u00f3n y la ausencia de tratamiento para combatirla.<br \/>\nUna secuencia did\u00e1ctica para el aula podr\u00eda ser:<\/p>\n<p>1.-Visualizar la infograf\u00eda <a href=\"http:\/\/www.noscira.com\/media\/flash\/multimedia_noscira_el_cerebro_f.swf\">El \u00f3rgano del traje gris<\/a> para conocer el cerebro.<br \/>\n2.- Visualizar la infograf\u00eda<a href=\"http:\/\/www.noscira.com\/media\/flash\/multimedia_noscira_que_es_el_alzheimer.swf\"> Qu\u00e9 es el alzheimer<\/a><br \/>\n3.- Escuchar la entrevista realizada a Adolfo Toledano, investigador del Instituto Cajal del CSIC y patrono de la Fundaci\u00f3n Alzheimer Espa\u00f1a en RTVE.<br \/>\n<object id=\"player1014996\" classid=\"clsid:d27cdb6e-ae6d-11cf-96b8-444553540000\" width=\"425\" height=\"37\" codebase=\"http:\/\/download.macromedia.com\/pub\/shockwave\/cabs\/flash\/swflash.cab#version=6,0,40,0\"><param name=\"allowScriptAccess\" value=\"always\" \/><param name=\"allowFullScreen\" value=\"true\" \/><param name=\"flashvars\" value=\"assetID=1014996_es_audios&amp;location=embed\" \/><param name=\"src\" value=\"http:\/\/www.rtve.es\/swf\/4.0.17\/RTVEPlayerAudio.swf\" \/><param name=\"allowfullscreen\" value=\"true\" \/><embed id=\"player1014996\" type=\"application\/x-shockwave-flash\" width=\"425\" height=\"37\" src=\"http:\/\/www.rtve.es\/swf\/4.0.17\/RTVEPlayerAudio.swf\" flashvars=\"assetID=1014996_es_audios&amp;location=embed\" allowfullscreen=\"true\" allowscriptaccess=\"always\"><\/embed><\/object><\/p>\n<p>4.- <a href=\"http:\/\/www.fundacionalzheimeresp.org\/\" target=\"_blank\">Visitar la web de la fundaci\u00f3n Alzheimer<\/a><\/p>\n<p style=\"text-align: center;\"><a href=\"http:\/\/www.fundacionalzheimeresp.org\/\" target=\"_blank\"><img loading=\"lazy\" decoding=\"async\" class=\"size-full wp-image-5045 aligncenter\" title=\"Captura de pantalla 2011-04-25 a las 19.35.21\" src=\"http:\/\/aula21.net\/aulablog21\/wp-content\/uploads\/2011\/04\/Captura-de-pantalla-2011-04-25-a-las-19.35.21.png\" alt=\"Captura de pantalla 2011-04-25 a las 19.35.21\" width=\"418\" height=\"110\" srcset=\"http:\/\/aula21.net\/aulablog21\/wp-content\/uploads\/2011\/04\/Captura-de-pantalla-2011-04-25-a-las-19.35.21.png 580w, http:\/\/aula21.net\/aulablog21\/wp-content\/uploads\/2011\/04\/Captura-de-pantalla-2011-04-25-a-las-19.35.21-300x79.png 300w\" sizes=\"auto, (max-width: 418px) 100vw, 418px\" \/><\/a><\/p>\n<p style=\"text-align: justify;\">5.- Pedir a los alumnos que hagan alg\u00fan trabajo basado <a href=\"http:\/\/www.fundacionalzheimeresp.org\/index.php?option=com_easyfaq&amp;task=cat&amp;catid=66&amp;Itemid=99999999\" target=\"_blank\">en la secci\u00f3n de preguntas frecuentes <\/a>de la web visitada. El formato es libre, a elegir: escribir, dibujar, cantar, bailar, hacer un v\u00eddeo, hacer un p\u00f3ster, lo importante es que cada uno haga lo que mejor sepa hacer con inter\u00e9s y respeto.<\/p>\n<p style=\"text-align: justify;\">De esta forma tan sencilla los alumnos pueden aprender un mont\u00f3n de cosas sobre el sistema nerviosos y sus enfermedades, en los libros de texto el tema es un aut\u00e9ntico rollo y los alumnos se limitan, en el mejor de los casos, a memorizar sin entender\u00a0mucho.<\/p>\n<p style=\"text-align: justify;\">Esto que yo acabo de hacer lo puede hacer cualquier profesor, lo \u00fanico que ha de saber es usar un navegador, el google y poco m\u00e1s, si no le apetece publicarlo en un blog simplemente lo escribe con un boli bic en un folio, lo fotocopia y se lo pasa a los alumnos , lo importante es la metodolog\u00eda, una vez que se anime a trabajar de este modo en el aula ya tendr\u00e1 tiempo de ponerlo bonito.<\/p>\n","protected":false},"excerpt":{"rendered":"<p>Buscando materiales sobre el alzheimer para mis alumnos me entero que este 2011 tambi\u00e9n se celebra el A\u00f1o Internacional del Alzheimer. Escuchemos que nos dicen al respecto en el programa Entre probetas emitido hoy en RNE : A la carta &gt; Radio &gt; Radio 5 &gt; Entre Probetas &gt; Entre probetas &#8211; Alzheimer &#8211; 25\/04\/11 [&hellip;]<\/p>\n","protected":false},"author":1,"featured_media":0,"comment_status":"open","ping_status":"open","sticky":false,"template":"","format":"standard","meta":{"footnotes":""},"categories":[8,2],"tags":[],"class_list":["post-5044","post","type-post","status-publish","format-standard","hentry","category-educacion_e_internet","category-weblogs_en_el_aula"],"_links":{"self":[{"href":"http:\/\/aula21.net\/aulablog21\/wp-json\/wp\/v2\/posts\/5044","targetHints":{"allow":["GET"]}}],"collection":[{"href":"http:\/\/aula21.net\/aulablog21\/wp-json\/wp\/v2\/posts"}],"about":[{"href":"http:\/\/aula21.net\/aulablog21\/wp-json\/wp\/v2\/types\/post"}],"author":[{"embeddable":true,"href":"http:\/\/aula21.net\/aulablog21\/wp-json\/wp\/v2\/users\/1"}],"replies":[{"embeddable":true,"href":"http:\/\/aula21.net\/aulablog21\/wp-json\/wp\/v2\/comments?post=5044"}],"version-history":[{"count":0,"href":"http:\/\/aula21.net\/aulablog21\/wp-json\/wp\/v2\/posts\/5044\/revisions"}],"wp:attachment":[{"href":"http:\/\/aula21.net\/aulablog21\/wp-json\/wp\/v2\/media?parent=5044"}],"wp:term":[{"taxonomy":"category","embeddable":true,"href":"http:\/\/aula21.net\/aulablog21\/wp-json\/wp\/v2\/categories?post=5044"},{"taxonomy":"post_tag","embeddable":true,"href":"http:\/\/aula21.net\/aulablog21\/wp-json\/wp\/v2\/tags?post=5044"}],"curies":[{"name":"wp","href":"https:\/\/api.w.org\/{rel}","templated":true}]}}