{"id":5052,"date":"2011-04-25T19:19:53","date_gmt":"2011-04-25T18:19:53","guid":{"rendered":"http:\/\/aula21.net\/aulablog21\/?p=5052"},"modified":"2011-04-25T19:24:35","modified_gmt":"2011-04-25T18:24:35","slug":"la-ciencias-para-todos-libros-recomendados","status":"publish","type":"post","link":"http:\/\/aula21.net\/aulablog21\/archives\/2011\/04\/25\/la-ciencias-para-todos-libros-recomendados\/","title":{"rendered":"La Ciencia para todos, libros recomendados"},"content":{"rendered":"<p><!--adsense--><br \/>\nEl pasado martes estando en una librer\u00eda de Sevilla compr\u00e9 dos libros que me llamaron la atenci\u00f3n por su contenido y magn\u00edfica presentaci\u00f3n.<\/p>\n<p><a href=\"http:\/\/aula21.net\/aulablog21\/wp-content\/uploads\/2011\/04\/00079_mv.jpg\"><img loading=\"lazy\" decoding=\"async\" class=\"alignleft size-full wp-image-5054\" style=\"margin: 9px;\" title=\"00079_mv\" src=\"http:\/\/aula21.net\/aulablog21\/wp-content\/uploads\/2011\/04\/00079_mv.jpg\" alt=\"00079_mv\" width=\"100\" height=\"150\" \/><\/a>Se trata de \u00a0<strong>\u00bfPor qu\u00e9 la nieve es blanca?<\/strong> y \u00a0<strong>\u00bfPor qu\u00e9 el cielo es azul?<\/strong> cuyo autor es Javier Fern\u00e1ndez Panadero profesor de F\u00edsica en el IES Vicente Aleixandre de Pinto (Madrid).<a href=\"http:\/\/aula21.net\/aulablog21\/wp-content\/uploads\/2011\/04\/00080_mv.jpg\"><img loading=\"lazy\" decoding=\"async\" class=\"alignright size-full wp-image-5055\" title=\"00080_mv\" src=\"http:\/\/aula21.net\/aulablog21\/wp-content\/uploads\/2011\/04\/00080_mv.jpg\" alt=\"00080_mv\" width=\"100\" height=\"150\" \/><\/a><\/p>\n<p>\u00bfPor qu\u00e9 se riza el pelo con la humedad?, \u00bf Qu\u00e9 son\u00a0las enzimas?, \u00bfPor qu\u00e9 titilan las estrellas?, \u00bfPor qu\u00e9 el pegamento no se pega cuendo el bote est\u00e1 cerrado?<br \/>\nEn estos libro podr\u00e1s encontrar las respuestas a estas preguntas y otras muchas de modo ameno y f\u00e1cilmente comprensible.<\/p>\n<p>Mi idea es usarlo para documentar algunos podcasts que quiero llevar a cabo en Radio DiverCiencia con los alumnos de Diversificaci\u00f3n, su autor se ha ofrecido a que los alumnos lo entrevisten.<br \/>\nJavier escribe en el blog <a href=\"http:\/\/lacienciaparatodos.wordpress.com\/\">La Ciencia para todos<\/a> y en<a href=\"http:\/\/www.telefonica.net\/web2\/javierfpanadero\/libro\/autor.html:\/\/\" target=\"_blank\"> esta web nos presenta <\/a>sus extraordinarios libros divulgativos<\/p>\n<p><a href=\"http:\/\/www.telefonica.net\/web2\/javierfpanadero\/libro\/autor.html\" target=\"_blank\"><img loading=\"lazy\" decoding=\"async\" class=\"aligncenter size-full wp-image-5053\" title=\"Captura de pantalla 2011-04-25 a las 20.06.13\" src=\"http:\/\/aula21.net\/aulablog21\/wp-content\/uploads\/2011\/04\/Captura-de-pantalla-2011-04-25-a-las-20.06.13.png\" alt=\"Captura de pantalla 2011-04-25 a las 20.06.13\" width=\"460\" height=\"184\" srcset=\"http:\/\/aula21.net\/aulablog21\/wp-content\/uploads\/2011\/04\/Captura-de-pantalla-2011-04-25-a-las-20.06.13.png 460w, http:\/\/aula21.net\/aulablog21\/wp-content\/uploads\/2011\/04\/Captura-de-pantalla-2011-04-25-a-las-20.06.13-300x120.png 300w\" sizes=\"auto, (max-width: 460px) 100vw, 460px\" \/><\/a><\/p>\n<p>Acaba de publicar <a href=\"http:\/\/www.libroseducativos.com\/libro\/El-mundo-de-Max\/isbn\/978-84-8393-000-7\" target=\"_blank\">El mundo de Max<\/a><\/p>\n","protected":false},"excerpt":{"rendered":"<p>El pasado martes estando en una librer\u00eda de Sevilla compr\u00e9 dos libros que me llamaron la atenci\u00f3n por su contenido y magn\u00edfica presentaci\u00f3n. Se trata de \u00a0\u00bfPor qu\u00e9 la nieve es blanca? y \u00a0\u00bfPor qu\u00e9 el cielo es azul? cuyo autor es Javier Fern\u00e1ndez Panadero profesor de F\u00edsica en el IES Vicente Aleixandre de Pinto [&hellip;]<\/p>\n","protected":false},"author":1,"featured_media":0,"comment_status":"open","ping_status":"open","sticky":false,"template":"","format":"standard","meta":{"footnotes":""},"categories":[29,14],"tags":[],"class_list":["post-5052","post","type-post","status-publish","format-standard","hentry","category-lecturas","category-recursos-variados"],"_links":{"self":[{"href":"http:\/\/aula21.net\/aulablog21\/wp-json\/wp\/v2\/posts\/5052","targetHints":{"allow":["GET"]}}],"collection":[{"href":"http:\/\/aula21.net\/aulablog21\/wp-json\/wp\/v2\/posts"}],"about":[{"href":"http:\/\/aula21.net\/aulablog21\/wp-json\/wp\/v2\/types\/post"}],"author":[{"embeddable":true,"href":"http:\/\/aula21.net\/aulablog21\/wp-json\/wp\/v2\/users\/1"}],"replies":[{"embeddable":true,"href":"http:\/\/aula21.net\/aulablog21\/wp-json\/wp\/v2\/comments?post=5052"}],"version-history":[{"count":0,"href":"http:\/\/aula21.net\/aulablog21\/wp-json\/wp\/v2\/posts\/5052\/revisions"}],"wp:attachment":[{"href":"http:\/\/aula21.net\/aulablog21\/wp-json\/wp\/v2\/media?parent=5052"}],"wp:term":[{"taxonomy":"category","embeddable":true,"href":"http:\/\/aula21.net\/aulablog21\/wp-json\/wp\/v2\/categories?post=5052"},{"taxonomy":"post_tag","embeddable":true,"href":"http:\/\/aula21.net\/aulablog21\/wp-json\/wp\/v2\/tags?post=5052"}],"curies":[{"name":"wp","href":"https:\/\/api.w.org\/{rel}","templated":true}]}}