{"id":5121,"date":"2011-05-09T16:43:17","date_gmt":"2011-05-09T15:43:17","guid":{"rendered":"http:\/\/aula21.net\/aulablog21\/?p=5121"},"modified":"2011-05-09T17:35:51","modified_gmt":"2011-05-09T16:35:51","slug":"temas-y-personajes-en-la-poesia-de-carolina-coronado","status":"publish","type":"post","link":"http:\/\/aula21.net\/aulablog21\/archives\/2011\/05\/09\/temas-y-personajes-en-la-poesia-de-carolina-coronado\/","title":{"rendered":"Temas y personajes en la poes\u00eda de Carolina Coronado"},"content":{"rendered":"<p>Me parece de gran valor para los amantes de la poes\u00eda el documento elaborado por mi compa\u00f1era y amiga Hortensia Font\u00e1n que ha sido <a href=\"http:\/\/bibliotecaiescarolina.wordpress.com\/2011\/05\/09\/temas-y-personajes-en-la-poesia-de-carolina-coronado\/\">publicado en el Blog de la Biblioteca del IES Carolina Coronado<\/a><br \/>\n<object classid=\"clsid:d27cdb6e-ae6d-11cf-96b8-444553540000\" width=\"466\" height=\"400\" codebase=\"http:\/\/download.macromedia.com\/pub\/shockwave\/cabs\/flash\/swflash.cab#version=6,0,40,0\"><param name=\"src\" value=\"http:\/\/www.box.net\/embed\/ccmrqin1tvhaq48.swf\" \/><param name=\"wmode\" value=\"opaque\" \/><param name=\"allowfullscreen\" value=\"true\" \/><embed type=\"application\/x-shockwave-flash\" width=\"466\" height=\"400\" src=\"http:\/\/www.box.net\/embed\/ccmrqin1tvhaq48.swf\" allowfullscreen=\"true\" wmode=\"opaque\"><\/embed><\/object><\/p>\n<p>Hortensia tambi\u00e9n ha publicado una completa l\u00ednea del tiempo en Dipity:<\/p>\n<div class=\"dipity_embed\" style=\"width:425px\"><iframe loading=\"lazy\" width=\"425\" height=\"300\" src=\"http:\/\/www.dipity.com\/bibliotecaiescarolina\/Carolina\/?mode=embed&#038;z=0#flip\" style=\"border:1px solid #CCC;\"><\/iframe><\/p>\n<p style=\"margin:0;font-family:Arial,sans;font-size:13px;text-align:center\"><a href=\"http:\/\/www.dipity.com\/bibliotecaiescarolina\/Carolina\/\">Carolina<\/a> on <a href=\"http:\/\/www.dipity.com\/\" \/>Dipity<\/a>.<\/p>\n<\/div>\n<p>Tambi\u00e9n merece la pena ver el recital de poemas que hicieron los alumnos <a href=\"http:\/\/bibliotecaiescarolina.wordpress.com\/2011\/05\/09\/recital-de-poemas-de-carolina-coronado-en-su-ciudad-natal\/\">junto a la casa natal de la poetisa<\/a> (<a href=\"http:\/\/radiocomarcadebarros.blogspot.com\/p\/historia.html\">ver fotos<\/a>) y<a href=\"http:\/\/bibliotecaiescarolina.wordpress.com\/2011\/04\/14\/exito-de-la-exposicion-multimedia-i-centenario-de-la-muerte-de-carolina-coronado\/\"> la exposici\u00f3n multimedia <\/a>con motivo del centenario de su muerte<br \/>\n<a href=\"http:\/\/aula21.net\/aulablog21\/wp-content\/uploads\/2011\/05\/Captura-de-pantalla-2011-05-09-a-las-17.53.17.png\"><img loading=\"lazy\" decoding=\"async\" class=\"alignleft size-full wp-image-5129\" style=\"margin: 9px;\" title=\"Captura de pantalla 2011-05-09 a las 17.53.17\" src=\"http:\/\/aula21.net\/aulablog21\/wp-content\/uploads\/2011\/05\/Captura-de-pantalla-2011-05-09-a-las-17.53.17.png\" alt=\"Captura de pantalla 2011-05-09 a las 17.53.17\" width=\"222\" height=\"270\" srcset=\"http:\/\/aula21.net\/aulablog21\/wp-content\/uploads\/2011\/05\/Captura-de-pantalla-2011-05-09-a-las-17.53.17.png 277w, http:\/\/aula21.net\/aulablog21\/wp-content\/uploads\/2011\/05\/Captura-de-pantalla-2011-05-09-a-las-17.53.17-247x300.png 247w\" sizes=\"auto, (max-width: 222px) 100vw, 222px\" \/><\/a>Asimismo recomiendo encarecidamente <a href=\"http:\/\/www.abc.es\/agencias\/noticia.asp?noticia=799746\">el libro que Carmen Fern\u00e1ndez Daza ha publicado<\/a> titulado \u00abLa familia de Carolina Coronado. Los primeros a\u00f1os en la vida de una escritora\u00bb.<br \/>\nTuve el placer de asistir a su presentaci\u00f3n y el honor de que Carmen me lo dedicara, una mujer exquisitamente educada, sensible y culta.<\/p>\n","protected":false},"excerpt":{"rendered":"<p>Me parece de gran valor para los amantes de la poes\u00eda el documento elaborado por mi compa\u00f1era y amiga Hortensia Font\u00e1n que ha sido publicado en el Blog de la Biblioteca del IES Carolina Coronado Hortensia tambi\u00e9n ha publicado una completa l\u00ednea del tiempo en Dipity: Carolina on Dipity. Tambi\u00e9n merece la pena ver el [&hellip;]<\/p>\n","protected":false},"author":1,"featured_media":0,"comment_status":"open","ping_status":"open","sticky":false,"template":"","format":"standard","meta":{"footnotes":""},"categories":[25,29,23],"tags":[],"class_list":["post-5121","post","type-post","status-publish","format-standard","hentry","category-eventos","category-lecturas","category-sociedad"],"_links":{"self":[{"href":"http:\/\/aula21.net\/aulablog21\/wp-json\/wp\/v2\/posts\/5121","targetHints":{"allow":["GET"]}}],"collection":[{"href":"http:\/\/aula21.net\/aulablog21\/wp-json\/wp\/v2\/posts"}],"about":[{"href":"http:\/\/aula21.net\/aulablog21\/wp-json\/wp\/v2\/types\/post"}],"author":[{"embeddable":true,"href":"http:\/\/aula21.net\/aulablog21\/wp-json\/wp\/v2\/users\/1"}],"replies":[{"embeddable":true,"href":"http:\/\/aula21.net\/aulablog21\/wp-json\/wp\/v2\/comments?post=5121"}],"version-history":[{"count":0,"href":"http:\/\/aula21.net\/aulablog21\/wp-json\/wp\/v2\/posts\/5121\/revisions"}],"wp:attachment":[{"href":"http:\/\/aula21.net\/aulablog21\/wp-json\/wp\/v2\/media?parent=5121"}],"wp:term":[{"taxonomy":"category","embeddable":true,"href":"http:\/\/aula21.net\/aulablog21\/wp-json\/wp\/v2\/categories?post=5121"},{"taxonomy":"post_tag","embeddable":true,"href":"http:\/\/aula21.net\/aulablog21\/wp-json\/wp\/v2\/tags?post=5121"}],"curies":[{"name":"wp","href":"https:\/\/api.w.org\/{rel}","templated":true}]}}