{"id":515,"date":"2005-09-27T19:44:39","date_gmt":"2005-09-27T18:44:39","guid":{"rendered":"http:\/\/127.0.0.1\/wordpress2\/index.php\/archives\/2005\/09\/27\/tics-en-cataluna\/"},"modified":"2005-09-27T19:53:20","modified_gmt":"2005-09-27T18:53:20","slug":"tics-en-cataluna","status":"publish","type":"post","link":"http:\/\/aula21.net\/aulablog21\/archives\/2005\/09\/27\/tics-en-cataluna\/","title":{"rendered":"TICs en Catalu\u00f1a"},"content":{"rendered":"<p><em>El departamento de Educaci\u00f3n invertir\u00e1 167 millones de euros en los pr\u00f3ximos tres a\u00f1os para que las aulas de todos los centros educativos p\u00fablicos de Catalu\u00f1a dispongan en el curso 2007-2008 de proyectores y ordenadores conectados a internet por cable, seg\u00fan ha anunciado la consellera de Educaci\u00f3n, Marta Cid.<\/em> <a href=\"http:\/\/digital.telepolis.com\/cgi-bin\/reubica?id=331860&#038;origen=EDTecnologia\">Seguir leyendo<\/a><\/p>\n<p>Parece ser que en Catalu\u00f1a apuestan por:<\/p>\n<ul>\n<li>dotar de cableado de banda ancha a los centros educativos para que todas las clases dispongan de conexi\u00f3n a internet <\/li>\n<li>dotar a todos los centros con una serie de herramientas por aula, que constar\u00e1 de un ordenador con conexi\u00f3n a la red, un proyector y una pantalla blanca.<\/li>\n<li>asignar a los centros un t\u00e9cnico inform\u00e1tico de referencia para resolver incidencias, un trabajo que hasta ahora realizaba el coordinador inform\u00e1tico de cada centro, de este modo &quot;el coordinador inform\u00e1tico se podr\u00e1 dedicar a asesorar sobre c\u00f3mo impartir curr\u00edculum y hacer tarea docente en el aula , por lo que no deber\u00e1 ser el apagafuegos cuando hay un problema&quot;, en palabras de la Consejera. Mas de uno agradecer\u00e1 esto \u00bf verdad <a href=\"http:\/\/www.adelat.org\/\">Anibal<\/a> ?<\/li>\n<li>pondr\u00e1n a disposici\u00f3n de los centros docentes a partir de este curso\u00a0 Linux\u00a0. <\/li>\n<\/ul>\n<p>Deseo que esta forma de implantar las TIC en el aula les\u00a0de mejores resultados que los obtenidos en Extremadura donde como nuevos ricos e improvisando a tope pusimos de la noche a la ma\u00f1ana tropezientos mil ordenadores sin contar con la complicidad de los claustros de\u00a0profesores y otras muchas deficiencias que ser\u00eda largo de contar.<\/p>\n","protected":false},"excerpt":{"rendered":"<p>El departamento de Educaci\u00f3n invertir\u00e1 167 millones de euros en los pr\u00f3ximos tres a\u00f1os para que las aulas de todos los centros educativos p\u00fablicos de Catalu\u00f1a dispongan en el curso 2007-2008 de proyectores y ordenadores conectados a internet por cable, seg\u00fan ha anunciado la consellera de Educaci\u00f3n, Marta Cid. Seguir leyendo Parece ser que en [&hellip;]<\/p>\n","protected":false},"author":1,"featured_media":0,"comment_status":"open","ping_status":"open","sticky":false,"template":"","format":"standard","meta":{"footnotes":""},"categories":[8],"tags":[],"class_list":["post-515","post","type-post","status-publish","format-standard","hentry","category-educacion_e_internet"],"_links":{"self":[{"href":"http:\/\/aula21.net\/aulablog21\/wp-json\/wp\/v2\/posts\/515","targetHints":{"allow":["GET"]}}],"collection":[{"href":"http:\/\/aula21.net\/aulablog21\/wp-json\/wp\/v2\/posts"}],"about":[{"href":"http:\/\/aula21.net\/aulablog21\/wp-json\/wp\/v2\/types\/post"}],"author":[{"embeddable":true,"href":"http:\/\/aula21.net\/aulablog21\/wp-json\/wp\/v2\/users\/1"}],"replies":[{"embeddable":true,"href":"http:\/\/aula21.net\/aulablog21\/wp-json\/wp\/v2\/comments?post=515"}],"version-history":[{"count":0,"href":"http:\/\/aula21.net\/aulablog21\/wp-json\/wp\/v2\/posts\/515\/revisions"}],"wp:attachment":[{"href":"http:\/\/aula21.net\/aulablog21\/wp-json\/wp\/v2\/media?parent=515"}],"wp:term":[{"taxonomy":"category","embeddable":true,"href":"http:\/\/aula21.net\/aulablog21\/wp-json\/wp\/v2\/categories?post=515"},{"taxonomy":"post_tag","embeddable":true,"href":"http:\/\/aula21.net\/aulablog21\/wp-json\/wp\/v2\/tags?post=515"}],"curies":[{"name":"wp","href":"https:\/\/api.w.org\/{rel}","templated":true}]}}