{"id":520,"date":"2005-09-29T19:27:55","date_gmt":"2005-09-29T18:27:55","guid":{"rendered":"http:\/\/127.0.0.1\/wordpress2\/index.php\/archives\/2005\/09\/29\/el-uso-de-los-weblogs-en-la-docencia-universitaria\/"},"modified":"2005-09-29T21:20:49","modified_gmt":"2005-09-29T20:20:49","slug":"el-uso-de-los-weblogs-en-la-docencia-universitaria","status":"publish","type":"post","link":"http:\/\/aula21.net\/aulablog21\/archives\/2005\/09\/29\/el-uso-de-los-weblogs-en-la-docencia-universitaria\/","title":{"rendered":"El uso de los weblogs en la docencia universitaria"},"content":{"rendered":"<p>He publicado un art\u00edculo en aulablog.com titulado <a href=\"http:\/\/www.aulablog.com\/el-uso-de-los-weblogs-en-la-docencia-universitaria-1\" target=\"_blank\">El uso de los weblogs en la docencia universitaria <\/a>en el que recomiendo el art\u00edculo del mismo titulo publicado en pdf en <a href=\"http:\/\/www.unex.es\/didactica\/RELATEC\/revistas.htm\" target=\"_blank\"><font color=\"#0014a6\">La Revista Latinoamericana de Tecnolog\u00eda Educativa ( RELATEC )<\/font><\/a>\u00a0.<\/p>\n<p>Enlace directo para descargar el art\u00edculo: <a href=\"http:\/\/158.49.119.99\/crai\/personal\/relatec\/VOL4_1\/adriana.pdf\" target=\"_blank\"><font color=\"#0014a6\">El uso de los weblogs en la docencia universitaria <\/font><\/a>(\u00a0pdf 405 Kb)de <em>ADRIANA GEWERC BARUJEL<\/em> .<\/p>\n","protected":false},"excerpt":{"rendered":"<p>He publicado un art\u00edculo en aulablog.com titulado El uso de los weblogs en la docencia universitaria en el que recomiendo el art\u00edculo del mismo titulo publicado en pdf en La Revista Latinoamericana de Tecnolog\u00eda Educativa ( RELATEC )\u00a0. Enlace directo para descargar el art\u00edculo: El uso de los weblogs en la docencia universitaria (\u00a0pdf 405 [&hellip;]<\/p>\n","protected":false},"author":1,"featured_media":0,"comment_status":"open","ping_status":"open","sticky":false,"template":"","format":"standard","meta":{"footnotes":""},"categories":[8,2],"tags":[],"class_list":["post-520","post","type-post","status-publish","format-standard","hentry","category-educacion_e_internet","category-weblogs_en_el_aula"],"_links":{"self":[{"href":"http:\/\/aula21.net\/aulablog21\/wp-json\/wp\/v2\/posts\/520","targetHints":{"allow":["GET"]}}],"collection":[{"href":"http:\/\/aula21.net\/aulablog21\/wp-json\/wp\/v2\/posts"}],"about":[{"href":"http:\/\/aula21.net\/aulablog21\/wp-json\/wp\/v2\/types\/post"}],"author":[{"embeddable":true,"href":"http:\/\/aula21.net\/aulablog21\/wp-json\/wp\/v2\/users\/1"}],"replies":[{"embeddable":true,"href":"http:\/\/aula21.net\/aulablog21\/wp-json\/wp\/v2\/comments?post=520"}],"version-history":[{"count":0,"href":"http:\/\/aula21.net\/aulablog21\/wp-json\/wp\/v2\/posts\/520\/revisions"}],"wp:attachment":[{"href":"http:\/\/aula21.net\/aulablog21\/wp-json\/wp\/v2\/media?parent=520"}],"wp:term":[{"taxonomy":"category","embeddable":true,"href":"http:\/\/aula21.net\/aulablog21\/wp-json\/wp\/v2\/categories?post=520"},{"taxonomy":"post_tag","embeddable":true,"href":"http:\/\/aula21.net\/aulablog21\/wp-json\/wp\/v2\/tags?post=520"}],"curies":[{"name":"wp","href":"https:\/\/api.w.org\/{rel}","templated":true}]}}