{"id":523,"date":"2005-09-30T20:39:45","date_gmt":"2005-09-30T19:39:45","guid":{"rendered":"http:\/\/127.0.0.1\/wordpress2\/index.php\/archives\/2005\/09\/30\/educacion-de-calidad-o-educacion-de-cantidad\/"},"modified":"2005-09-30T20:39:45","modified_gmt":"2005-09-30T19:39:45","slug":"educacion-de-calidad-o-educacion-de-cantidad","status":"publish","type":"post","link":"http:\/\/aula21.net\/aulablog21\/archives\/2005\/09\/30\/educacion-de-calidad-o-educacion-de-cantidad\/","title":{"rendered":"Educaci\u00f3n de calidad o educaci\u00f3n de cantidad"},"content":{"rendered":"<p><a href=\"http:\/\/www.hoy.es\/pg050930\/prensa\/noticias\/Articulos_Opinion\/200509\/30\/HOY-OPI-224.html\" target=\"_blank\">Educaci\u00f3n de calidad o educaci\u00f3n de cantidad<\/a>\u00a0es el t\u00edtulo del art\u00edculo de Jorge Gonzalo Gonz\u00e1les\u00a0(profesor de instituto).\u00a0publicado en el diario extreme\u00f1o HOY.<\/p>\n<p>Termina ni m\u00e1s ni menos de este modo:<\/p>\n<p><em>Empezamos un curso que durar\u00e1 desde el 12 de septiembre hasta el 23 de junio cuando hace no pocos a\u00f1os se comenzaba y acababa en la primera semana de octubre y junio respectivamente. Tenemos m\u00e1s d\u00edas lectivos pero en estos a\u00f1os el nivel de los alumnos y la calidad del sistema han descendido a niveles preocupantes. Los profesores comenzamos con ilusi\u00f3n y ganas, pero frustrados porque el sistema educativo no responde a las necesidades reales. Quiz\u00e1 la soluci\u00f3n no est\u00e9 en la cantidad de d\u00edas de clase, sino en la calidad con que se dan esas clases; pero la calidad es muy dif\u00edcil de cuantificar y lo que los pol\u00edticos quieren son n\u00fameros. El dato f\u00e1cil, como el de los ordenadores por alumno, sirve para rellenar anuarios, memorias y discursos, y el estiramiento del calendario para contentar a las asociaciones de madres y padres, pero \u00bfsaben los pol\u00edticos y los padres c\u00f3mo salen sus hijos del sistema educativo? Quiz\u00e1 da igual. Una apuesta decidida por la educaci\u00f3n hoy, dar\u00eda sus frutos en veinte a\u00f1os&#8230; \u00bfqu\u00e9 pol\u00edtico mira m\u00e1s all\u00e1 de las pr\u00f3ximas elecciones?, \u00bfqu\u00e9 padres miran m\u00e1s all\u00e1 de qu\u00e9 hacer con el ni\u00f1o el d\u00eda que no hay cole? Pero a fin de cuentas ya no tenemos analfabetos, o eso dicen las estad\u00edsticas. <\/em><\/p>\n","protected":false},"excerpt":{"rendered":"<p>Educaci\u00f3n de calidad o educaci\u00f3n de cantidad\u00a0es el t\u00edtulo del art\u00edculo de Jorge Gonzalo Gonz\u00e1les\u00a0(profesor de instituto).\u00a0publicado en el diario extreme\u00f1o HOY. Termina ni m\u00e1s ni menos de este modo: Empezamos un curso que durar\u00e1 desde el 12 de septiembre hasta el 23 de junio cuando hace no pocos a\u00f1os se comenzaba y acababa en [&hellip;]<\/p>\n","protected":false},"author":1,"featured_media":0,"comment_status":"open","ping_status":"open","sticky":false,"template":"","format":"standard","meta":{"footnotes":""},"categories":[8],"tags":[],"class_list":["post-523","post","type-post","status-publish","format-standard","hentry","category-educacion_e_internet"],"_links":{"self":[{"href":"http:\/\/aula21.net\/aulablog21\/wp-json\/wp\/v2\/posts\/523","targetHints":{"allow":["GET"]}}],"collection":[{"href":"http:\/\/aula21.net\/aulablog21\/wp-json\/wp\/v2\/posts"}],"about":[{"href":"http:\/\/aula21.net\/aulablog21\/wp-json\/wp\/v2\/types\/post"}],"author":[{"embeddable":true,"href":"http:\/\/aula21.net\/aulablog21\/wp-json\/wp\/v2\/users\/1"}],"replies":[{"embeddable":true,"href":"http:\/\/aula21.net\/aulablog21\/wp-json\/wp\/v2\/comments?post=523"}],"version-history":[{"count":0,"href":"http:\/\/aula21.net\/aulablog21\/wp-json\/wp\/v2\/posts\/523\/revisions"}],"wp:attachment":[{"href":"http:\/\/aula21.net\/aulablog21\/wp-json\/wp\/v2\/media?parent=523"}],"wp:term":[{"taxonomy":"category","embeddable":true,"href":"http:\/\/aula21.net\/aulablog21\/wp-json\/wp\/v2\/categories?post=523"},{"taxonomy":"post_tag","embeddable":true,"href":"http:\/\/aula21.net\/aulablog21\/wp-json\/wp\/v2\/tags?post=523"}],"curies":[{"name":"wp","href":"https:\/\/api.w.org\/{rel}","templated":true}]}}