{"id":5233,"date":"2011-06-05T21:41:04","date_gmt":"2011-06-05T20:41:04","guid":{"rendered":"http:\/\/aula21.net\/aulablog21\/?p=5233"},"modified":"2011-06-05T21:45:07","modified_gmt":"2011-06-05T20:45:07","slug":"el-siglo-de-carolina-coronado","status":"publish","type":"post","link":"http:\/\/aula21.net\/aulablog21\/archives\/2011\/06\/05\/el-siglo-de-carolina-coronado\/","title":{"rendered":"El siglo de Carolina Coronado"},"content":{"rendered":"<p>Magn\u00edfico programa emitido en Canal Extremadura sobre Carolina Coronado con motivo del centenario de su muerte. En el mismo aparece entre otras la escritora<a href=\"http:\/\/www.abc.es\/agencias\/noticia.asp?noticia=799746\" target=\"_blank\"> Carmen Fern\u00e1ndez Daza<\/a>, que recientemente ha publicado un libro sobre la poetisa.<\/p>\n<p>El libro recoge los primeros diecis\u00e9is a\u00f1os de vida de la escritora del Romanticismo que pas\u00f3 en Almendralejo, \u00a0amablemente me \u00a0lo dedic\u00f3 en la Feria del Libro de Almendralejo.<br \/>\n<object classid=\"clsid:d27cdb6e-ae6d-11cf-96b8-444553540000\" width=\"425\" height=\"349\" codebase=\"http:\/\/download.macromedia.com\/pub\/shockwave\/cabs\/flash\/swflash.cab#version=6,0,40,0\"><param name=\"allowFullScreen\" value=\"true\" \/><param name=\"allowscriptaccess\" value=\"always\" \/><param name=\"src\" value=\"http:\/\/www.youtube.com\/v\/iK1cX21pcm4?version=3&amp;hl=es_ES&amp;rel=0\" \/><param name=\"allowfullscreen\" value=\"true\" \/><embed type=\"application\/x-shockwave-flash\" width=\"425\" height=\"349\" src=\"http:\/\/www.youtube.com\/v\/iK1cX21pcm4?version=3&amp;hl=es_ES&amp;rel=0\" allowscriptaccess=\"always\" allowfullscreen=\"true\"><\/embed><\/object><\/p>\n","protected":false},"excerpt":{"rendered":"<p>Magn\u00edfico programa emitido en Canal Extremadura sobre Carolina Coronado con motivo del centenario de su muerte. En el mismo aparece entre otras la escritora Carmen Fern\u00e1ndez Daza, que recientemente ha publicado un libro sobre la poetisa. El libro recoge los primeros diecis\u00e9is a\u00f1os de vida de la escritora del Romanticismo que pas\u00f3 en Almendralejo, \u00a0amablemente [&hellip;]<\/p>\n","protected":false},"author":1,"featured_media":0,"comment_status":"open","ping_status":"open","sticky":false,"template":"","format":"standard","meta":{"footnotes":""},"categories":[1,14,20],"tags":[],"class_list":["post-5233","post","type-post","status-publish","format-standard","hentry","category-miscelanea","category-recursos-variados","category-video"],"_links":{"self":[{"href":"http:\/\/aula21.net\/aulablog21\/wp-json\/wp\/v2\/posts\/5233","targetHints":{"allow":["GET"]}}],"collection":[{"href":"http:\/\/aula21.net\/aulablog21\/wp-json\/wp\/v2\/posts"}],"about":[{"href":"http:\/\/aula21.net\/aulablog21\/wp-json\/wp\/v2\/types\/post"}],"author":[{"embeddable":true,"href":"http:\/\/aula21.net\/aulablog21\/wp-json\/wp\/v2\/users\/1"}],"replies":[{"embeddable":true,"href":"http:\/\/aula21.net\/aulablog21\/wp-json\/wp\/v2\/comments?post=5233"}],"version-history":[{"count":0,"href":"http:\/\/aula21.net\/aulablog21\/wp-json\/wp\/v2\/posts\/5233\/revisions"}],"wp:attachment":[{"href":"http:\/\/aula21.net\/aulablog21\/wp-json\/wp\/v2\/media?parent=5233"}],"wp:term":[{"taxonomy":"category","embeddable":true,"href":"http:\/\/aula21.net\/aulablog21\/wp-json\/wp\/v2\/categories?post=5233"},{"taxonomy":"post_tag","embeddable":true,"href":"http:\/\/aula21.net\/aulablog21\/wp-json\/wp\/v2\/tags?post=5233"}],"curies":[{"name":"wp","href":"https:\/\/api.w.org\/{rel}","templated":true}]}}