{"id":527,"date":"2005-10-05T19:24:33","date_gmt":"2005-10-05T18:24:33","guid":{"rendered":"http:\/\/127.0.0.1\/wordpress2\/index.php\/archives\/2005\/10\/05\/blogfesores-y-alumblogs-i\/"},"modified":"2005-10-07T10:28:59","modified_gmt":"2005-10-07T09:28:59","slug":"blogfesores-y-alumblogs-i","status":"publish","type":"post","link":"http:\/\/aula21.net\/aulablog21\/archives\/2005\/10\/05\/blogfesores-y-alumblogs-i\/","title":{"rendered":"Blogfesores y alumblogs (I)"},"content":{"rendered":"<p align=\"justify\">Mi admirado Mario se declara <a rel=\"bookmark\" href=\"http:\/\/www.vidadigital.net\/blog\/2005\/10\/02\/soy-un-blogfesor\/\" title=\"Enlace permanente de Soy un blogfesor\"><font color=\"#003399\">en este art\u00edculo un blogfesor<\/font><\/a> t\u00e9rmino que me parece muy acertado y yo me atrevo a proponer el t\u00e9rmino <b>alumblog<\/b> que podr\u00edamos definir como aquel individuo\/a que siguiendo las instrucciones de su blogfesor\/a <strong>&quot;alumbra&quot;<\/strong> en su blog una idea, art\u00edculo, post, anotaci\u00f3n o reflexi\u00f3n.<\/p>\n<p align=\"justify\">Doy por supuesto que <a href=\"http:\/\/www.vidadigital.net\/blog\/\">Mario <\/a>admite tambi\u00e9n el t\u00e9rmino blogfesora, pero el t\u00e9rmino que yo propongo ser\u00e1 igual para el masculino que para el femenino pues <strong>alumblag<\/strong> no me suena bien&#8230;<\/p>\n<p align=\"justify\">Aprovecho el art\u00edculo para rese\u00f1ar las propuestas de trabajo de cara al nuevo curso de tres renombrados blogfesores hispanos:<\/p>\n<ul>\n<li>\n<p align=\"justify\"><a href=\"http:\/\/auladelatin.blogsome.com\/2005\/09\/29\/nuevo-curso-nuevo-experimento\/\"><font color=\"#003399\">En este art\u00edculo<\/font><\/a> Carlos Cabanillas nos presenta un nuevo blog que usar\u00e1 con sus alumblogs en el curso 2005-2006<\/p>\n<\/li>\n<li>\n<p align=\"justify\"><a href=\"http:\/\/www.orientasiloe.com\/psico\/\"><font color=\"#003399\">Blog de Psicolog\u00eda 2\u00ba Bachillerato<\/font><\/a> Nuevo Blog (octubre 2005) de <a href=\"\/aulablog21\/index.php\/archives\/2005\/03\/09\/blogs-de-un-orientador\/\"><font color=\"#003399\">Luis Barriocanal<\/font><\/a> en el que enlaza el de sus alumblogs .<\/p>\n<\/li>\n<li>\n<p align=\"justify\">De <a href=\"http:\/\/lenguabifida.zoomblog.com\/cat\/2637\"><font color=\"#003399\">Felipe Zayas <\/font><\/a>en <a href=\"\/aulablog21\/index.php\/archives\/2005\/09\/09\/dale-a-la-lengua\/\"><font color=\"#003399\">un art\u00edculo anterior<\/font><\/a>  ya rese\u00f1\u00e9 los blogs que usa con sus alumblogs de <a target=\"_blank\" href=\"http:\/\/elvillena.acelblog.com\/\"><font color=\"#003399\">3\u00ba<\/font><\/a> y <a target=\"_blank\" href=\"http:\/\/elvillena2.acelblog.com\/\"><font color=\"#003399\">4\u00ba<\/font><\/a>, hoy os invito a que conozc\u00e1is <a href=\"http:\/\/elvillenaprensa.acelblog.com\/\"><font color=\"#003399\">el Blog de sus alumblogs de Redacci\u00f3n y Dise\u00f1o de Prensa<\/font><\/a>  del I.E.S. Isabel de Villena, seguro que su experiencia os dar\u00e1 ideas para iniciaros en este mundo con vuestros alumblogs. <\/p>\n<\/li>\n<\/ul>\n<p align=\"justify\">Asimismo aprovecho para rese\u00f1ar  los <a target=\"_blank\" href=\"http:\/\/www.educacional.com.br\/articulistas\/betina_bd.asp?codtexto=636\" title=\"7motivos\">7 motivos capitales<\/a> por los cuales un profesor deber\u00eda crear un blog seg\u00fan <strong>Betina von Staa<\/strong> que he conocido a trav\u00e9s <a target=\"_blank\" href=\"http:\/\/www.orientaeduc.com\/blog\/2005\/motivos-para-crear-un-blog\/\">de este art\u00edculo de Luis<\/a>. El mes pasado <a target=\"_blank\" href=\"http:\/\/www.adelat.org\/\">otro ilustre blogfesor andaluz<\/a> nos relataba <a href=\"http:\/\/www.adelat.org\/index.php?title=lo_que_aprendere_blogueando&#038;more=1&#038;c=1&#038;tb=1&#038;pb=1\">un mont\u00f3n de razones por las que un profesor debe bloguear<\/a><\/p>\n<h2 id=\"post-540\" \/><\/h2>\n","protected":false},"excerpt":{"rendered":"<p>Mi admirado Mario se declara en este art\u00edculo un blogfesor t\u00e9rmino que me parece muy acertado y yo me atrevo a proponer el t\u00e9rmino alumblog que podr\u00edamos definir como aquel individuo\/a que siguiendo las instrucciones de su blogfesor\/a &quot;alumbra&quot; en su blog una idea, art\u00edculo, post, anotaci\u00f3n o reflexi\u00f3n. Doy por supuesto que Mario admite [&hellip;]<\/p>\n","protected":false},"author":1,"featured_media":0,"comment_status":"open","ping_status":"open","sticky":false,"template":"","format":"standard","meta":{"footnotes":""},"categories":[2],"tags":[],"class_list":["post-527","post","type-post","status-publish","format-standard","hentry","category-weblogs_en_el_aula"],"_links":{"self":[{"href":"http:\/\/aula21.net\/aulablog21\/wp-json\/wp\/v2\/posts\/527","targetHints":{"allow":["GET"]}}],"collection":[{"href":"http:\/\/aula21.net\/aulablog21\/wp-json\/wp\/v2\/posts"}],"about":[{"href":"http:\/\/aula21.net\/aulablog21\/wp-json\/wp\/v2\/types\/post"}],"author":[{"embeddable":true,"href":"http:\/\/aula21.net\/aulablog21\/wp-json\/wp\/v2\/users\/1"}],"replies":[{"embeddable":true,"href":"http:\/\/aula21.net\/aulablog21\/wp-json\/wp\/v2\/comments?post=527"}],"version-history":[{"count":0,"href":"http:\/\/aula21.net\/aulablog21\/wp-json\/wp\/v2\/posts\/527\/revisions"}],"wp:attachment":[{"href":"http:\/\/aula21.net\/aulablog21\/wp-json\/wp\/v2\/media?parent=527"}],"wp:term":[{"taxonomy":"category","embeddable":true,"href":"http:\/\/aula21.net\/aulablog21\/wp-json\/wp\/v2\/categories?post=527"},{"taxonomy":"post_tag","embeddable":true,"href":"http:\/\/aula21.net\/aulablog21\/wp-json\/wp\/v2\/tags?post=527"}],"curies":[{"name":"wp","href":"https:\/\/api.w.org\/{rel}","templated":true}]}}