{"id":5286,"date":"2011-06-13T21:42:47","date_gmt":"2011-06-13T20:42:47","guid":{"rendered":"http:\/\/aula21.net\/aulablog21\/?p=5286"},"modified":"2011-06-13T22:14:20","modified_gmt":"2011-06-13T21:14:20","slug":"dependencia-tecnologica-en-ecos-el-programa-de-debate-de-canal-extremadura","status":"publish","type":"post","link":"http:\/\/aula21.net\/aulablog21\/archives\/2011\/06\/13\/dependencia-tecnologica-en-ecos-el-programa-de-debate-de-canal-extremadura\/","title":{"rendered":"Dependencia Tecnol\u00f3gica en ECOS, el programa de debate de Canal Extremadura"},"content":{"rendered":"<p>Ma\u00f1ana es un d\u00eda un tanto espacial pues participo como invitado en el programa de debate de <a href=\"http:\/\/tv.canalextremadura.es\/programas\/ecos\" target=\"_blank\">Canal Extremadura TV ECOS.<\/a><\/p>\n<p>En la web del programa aparece la lista de invitados:<\/p>\n<ul>\n<li><a href=\"http:\/\/tecnotic.wordpress.com\/\" target=\"_blank\">Saturnino Gonz\u00e1lez,<\/a> profesor de tecnolog\u00eda;<\/li>\n<li>Mar\u00eda Jos\u00e9 Ram\u00edrez, madre preocupada por el abuso de las tecnolog\u00edas;<\/li>\n<li>Francisco Mu\u00f1oz de la Pe\u00f1a, creador del Aula tecnol\u00f3gica Siglo XXI y Coordinador de Secundaria del blog<a href=\"http:\/\/recursostic.educacion.es\/buenaspracticas20\/web\/\" target=\"_blank\"> Red Buenas PracTICas 2.0<\/a>. y<\/li>\n<li>Juan Verde, profesor de Filosof\u00eda del IES Universidad Laboral de C\u00e1ceres<\/li>\n<\/ul>\n<p>Espero estar a la altura del magn\u00edfico programa que con gan maestr\u00eda conduce Nieves Moreno. Se emite ma\u00f1ana a las 21, 55 h y el planteamiento es:<\/p>\n<blockquote><p>Las nuevas tecnolog\u00edas han cambiado totalmente la forma de vida y estos cambios son cada vez m\u00e1s profundos en los usos y costumbres de los m\u00e1s j\u00f3venes, una generaci\u00f3n que ha crecido con un rat\u00f3n y un m\u00f3vil en las manos.<br \/>\n\u00bfExiste una dependencia tecnol\u00f3gica preocupante? \u00bfHasta qu\u00e9 punto debemos cambiar viejos h\u00e1bitos con la llegada de aparatos y tecnolog\u00edas? \u00bfMejoran nuestras relaciones o nos deshumanizan?<br \/>\nEn Espa\u00f1a, entre el 80% y el 90% de la poblaci\u00f3n adulta navega por internet, y un 5% de ellos abusan o hacen un mal uso de esta actividad; entre este porcentaje figuran los adictos a la red, cuyas estad\u00edsticas resultan dif\u00edciles de determinar por ser \u00e9sta una de las nuevas adicciones, conocidas como \u00abadicciones sin sustancia\u00bb.<br \/>\nEn algunos aspectos han mejorado nuestra vida, por ejemplo para poder realizar los trabajos escolares o profesionales; pero estas tecnolog\u00edas tambi\u00e9n han tenido algunas repercusiones negativas.<br \/>\n\u00bfLas nuevas tecnolog\u00edas producen necesariamente relaciones perjudiciales? \u00bfsomos libres a la hora de decidir el tiempo que le dedicamos al chat, m\u00f3vil o redes?<\/p><\/blockquote>\n<p>\u00bfT\u00fa que opinas?<\/p>\n<p>El \u00faltimo programa emitido ha sido \u00bfEs necesaria una ley de muerte digna en Espa\u00f1a?&#8230;<\/p>\n<p><a href=\"http:\/\/tv.canalextremadura.es\/tv-a-la-carta\/videos\/ecos-7-de-junio\" target=\"_blank\"><img loading=\"lazy\" decoding=\"async\" class=\"aligncenter size-full wp-image-5287\" title=\"Captura de pantalla 2011-06-13 a las 22.39.18\" src=\"http:\/\/aula21.net\/aulablog21\/wp-content\/uploads\/2011\/06\/Captura-de-pantalla-2011-06-13-a-las-22.39.18.png\" alt=\"Captura de pantalla 2011-06-13 a las 22.39.18\" width=\"402\" height=\"361\" srcset=\"http:\/\/aula21.net\/aulablog21\/wp-content\/uploads\/2011\/06\/Captura-de-pantalla-2011-06-13-a-las-22.39.18.png 402w, http:\/\/aula21.net\/aulablog21\/wp-content\/uploads\/2011\/06\/Captura-de-pantalla-2011-06-13-a-las-22.39.18-300x269.png 300w\" sizes=\"auto, (max-width: 402px) 100vw, 402px\" \/><\/a><\/p>\n","protected":false},"excerpt":{"rendered":"<p>Ma\u00f1ana es un d\u00eda un tanto espacial pues participo como invitado en el programa de debate de Canal Extremadura TV ECOS. En la web del programa aparece la lista de invitados: Saturnino Gonz\u00e1lez, profesor de tecnolog\u00eda; Mar\u00eda Jos\u00e9 Ram\u00edrez, madre preocupada por el abuso de las tecnolog\u00edas; Francisco Mu\u00f1oz de la Pe\u00f1a, creador del Aula [&hellip;]<\/p>\n","protected":false},"author":1,"featured_media":0,"comment_status":"open","ping_status":"open","sticky":false,"template":"","format":"standard","meta":{"footnotes":""},"categories":[37,8,7,18],"tags":[],"class_list":["post-5286","post","type-post","status-publish","format-standard","hentry","category-colaboraciones","category-educacion_e_internet","category-personal","category-tic"],"_links":{"self":[{"href":"http:\/\/aula21.net\/aulablog21\/wp-json\/wp\/v2\/posts\/5286","targetHints":{"allow":["GET"]}}],"collection":[{"href":"http:\/\/aula21.net\/aulablog21\/wp-json\/wp\/v2\/posts"}],"about":[{"href":"http:\/\/aula21.net\/aulablog21\/wp-json\/wp\/v2\/types\/post"}],"author":[{"embeddable":true,"href":"http:\/\/aula21.net\/aulablog21\/wp-json\/wp\/v2\/users\/1"}],"replies":[{"embeddable":true,"href":"http:\/\/aula21.net\/aulablog21\/wp-json\/wp\/v2\/comments?post=5286"}],"version-history":[{"count":0,"href":"http:\/\/aula21.net\/aulablog21\/wp-json\/wp\/v2\/posts\/5286\/revisions"}],"wp:attachment":[{"href":"http:\/\/aula21.net\/aulablog21\/wp-json\/wp\/v2\/media?parent=5286"}],"wp:term":[{"taxonomy":"category","embeddable":true,"href":"http:\/\/aula21.net\/aulablog21\/wp-json\/wp\/v2\/categories?post=5286"},{"taxonomy":"post_tag","embeddable":true,"href":"http:\/\/aula21.net\/aulablog21\/wp-json\/wp\/v2\/tags?post=5286"}],"curies":[{"name":"wp","href":"https:\/\/api.w.org\/{rel}","templated":true}]}}