{"id":5296,"date":"2011-06-15T20:35:57","date_gmt":"2011-06-15T19:35:57","guid":{"rendered":"http:\/\/aula21.net\/aulablog21\/?p=5296"},"modified":"2011-06-21T23:54:33","modified_gmt":"2011-06-21T22:54:33","slug":"un-dia-televisivo","status":"publish","type":"post","link":"http:\/\/aula21.net\/aulablog21\/archives\/2011\/06\/15\/un-dia-televisivo\/","title":{"rendered":"Un d\u00eda televisivo"},"content":{"rendered":"<p>Muy grata fue la experiencia de participar en el programa de debate ECOS de Canal Extremadura TV ayer.<br \/>\nDesde aqu\u00ed quiero agradecer a Sergio Su\u00e1rez y a Nieves Moreno el exquisito trato recibido.<br \/>\nDe los invitados ya conoc\u00eda a <a href=\"http:\/\/tecnotic.wordpress.com\/\">Nino<\/a> de mi estancia hace ya muchos a\u00f1os en Don Benito y tuve el placer de conocer a Juan y a Mar\u00eda Jos\u00e9.<br \/>\nDe momento y  durante una semana se puede<a href=\"http:\/\/tv.canalextremadura.es\/tv-a-la-carta\/videos\/ecos-14-de-junio\"> ver el programa en diferido en la web de ECOS<\/a> as\u00ed como en <a href=\"http:\/\/www.youtube.com\/user\/canalextremadura?blend=11&amp;ob=5#p\/u\/16\/kXC61yotRik\" target=\"_blank\">el canal de\u00a0YouTube <\/a>.<\/p>\n<p style=\"text-align: center;\"><a href=\"http:\/\/tv.canalextremadura.es\/tv-a-la-carta\/videos\/ecos-14-de-junio\" target=\"_blank\"><img loading=\"lazy\" decoding=\"async\" class=\"size-full wp-image-5297  aligncenter\" title=\"Captura de pantalla 2011-06-15 a las 21.34.17\" src=\"http:\/\/aula21.net\/aulablog21\/wp-content\/uploads\/2011\/06\/Captura-de-pantalla-2011-06-15-a-las-21.34.17.png\" alt=\"Captura de pantalla 2011-06-15 a las 21.34.17\" width=\"393\" height=\"362\" srcset=\"http:\/\/aula21.net\/aulablog21\/wp-content\/uploads\/2011\/06\/Captura-de-pantalla-2011-06-15-a-las-21.34.17.png 393w, http:\/\/aula21.net\/aulablog21\/wp-content\/uploads\/2011\/06\/Captura-de-pantalla-2011-06-15-a-las-21.34.17-300x276.png 300w\" sizes=\"auto, (max-width: 393px) 100vw, 393px\" \/><\/a><\/p>\n","protected":false},"excerpt":{"rendered":"<p>Muy grata fue la experiencia de participar en el programa de debate ECOS de Canal Extremadura TV ayer. Desde aqu\u00ed quiero agradecer a Sergio Su\u00e1rez y a Nieves Moreno el exquisito trato recibido. De los invitados ya conoc\u00eda a Nino de mi estancia hace ya muchos a\u00f1os en Don Benito y tuve el placer de [&hellip;]<\/p>\n","protected":false},"author":1,"featured_media":0,"comment_status":"open","ping_status":"open","sticky":false,"template":"","format":"standard","meta":{"footnotes":""},"categories":[37,19,8,23,18,20],"tags":[],"class_list":["post-5296","post","type-post","status-publish","format-standard","hentry","category-colaboraciones","category-educacion","category-educacion_e_internet","category-sociedad","category-tic","category-video"],"_links":{"self":[{"href":"http:\/\/aula21.net\/aulablog21\/wp-json\/wp\/v2\/posts\/5296","targetHints":{"allow":["GET"]}}],"collection":[{"href":"http:\/\/aula21.net\/aulablog21\/wp-json\/wp\/v2\/posts"}],"about":[{"href":"http:\/\/aula21.net\/aulablog21\/wp-json\/wp\/v2\/types\/post"}],"author":[{"embeddable":true,"href":"http:\/\/aula21.net\/aulablog21\/wp-json\/wp\/v2\/users\/1"}],"replies":[{"embeddable":true,"href":"http:\/\/aula21.net\/aulablog21\/wp-json\/wp\/v2\/comments?post=5296"}],"version-history":[{"count":0,"href":"http:\/\/aula21.net\/aulablog21\/wp-json\/wp\/v2\/posts\/5296\/revisions"}],"wp:attachment":[{"href":"http:\/\/aula21.net\/aulablog21\/wp-json\/wp\/v2\/media?parent=5296"}],"wp:term":[{"taxonomy":"category","embeddable":true,"href":"http:\/\/aula21.net\/aulablog21\/wp-json\/wp\/v2\/categories?post=5296"},{"taxonomy":"post_tag","embeddable":true,"href":"http:\/\/aula21.net\/aulablog21\/wp-json\/wp\/v2\/tags?post=5296"}],"curies":[{"name":"wp","href":"https:\/\/api.w.org\/{rel}","templated":true}]}}