{"id":5306,"date":"2011-06-26T13:12:51","date_gmt":"2011-06-26T12:12:51","guid":{"rendered":"http:\/\/aula21.net\/aulablog21\/?p=5306"},"modified":"2011-06-26T13:13:17","modified_gmt":"2011-06-26T12:13:17","slug":"ninos-que-leen","status":"publish","type":"post","link":"http:\/\/aula21.net\/aulablog21\/archives\/2011\/06\/26\/ninos-que-leen\/","title":{"rendered":"Ni\u00f1os que leen"},"content":{"rendered":"<p>He disfrutado como un ni\u00f1o leyendo <a href=\"http:\/\/www.elpais.com\/articulo\/opinion\/Ninos\/leen\/elpepusocdgm\/20110626elpdmgpan_2\/Tes\" target=\"_blank\">este art\u00edculo de Elvira Lindo <\/a>en El Pa\u00eds de hoy.<\/p>\n<p style=\"text-align: center;\"><a href=\"http:\/\/www.elpais.com\/articulo\/opinion\/Ninos\/leen\/elpepusocdgm\/20110626elpdmgpan_2\/Tes\" target=\"_blank\"><img loading=\"lazy\" decoding=\"async\" class=\"aligncenter size-full wp-image-5307\" title=\"Captura de pantalla 2011-06-26 a las 13.58.55\" src=\"http:\/\/aula21.net\/aulablog21\/wp-content\/uploads\/2011\/06\/Captura-de-pantalla-2011-06-26-a-las-13.58.55.png\" alt=\"Captura de pantalla 2011-06-26 a las 13.58.55\" width=\"478\" height=\"206\" srcset=\"http:\/\/aula21.net\/aulablog21\/wp-content\/uploads\/2011\/06\/Captura-de-pantalla-2011-06-26-a-las-13.58.55.png 983w, http:\/\/aula21.net\/aulablog21\/wp-content\/uploads\/2011\/06\/Captura-de-pantalla-2011-06-26-a-las-13.58.55-300x129.png 300w, http:\/\/aula21.net\/aulablog21\/wp-content\/uploads\/2011\/06\/Captura-de-pantalla-2011-06-26-a-las-13.58.55-768x330.png 768w\" sizes=\"auto, (max-width: 478px) 100vw, 478px\" \/><\/a><\/p>\n<p>Los hijos de padres lectores suelen ser tambi\u00e9n buenos lectores, es tiempo de vacaciones, es tiempo de leer. Nunca se ha le\u00eddo tanto como ahora pero los soportes son m\u00faltiples, la wii, la nintendo DS, PC, tablet, ebook, SMS en el m\u00f3vil, incluso hasta libros en papel.<\/p>\n<p>Para entender la lectura en la era digital os recomiendo el libro gratuito en pdf que ha editado el Ministerio de Educaci\u00f3n.<\/p>\n<p>Esta publicaci\u00f3n\u00a0que se enmarca en los recursos del <a href=\"http:\/\/www.leer.es\" target=\"_blank\">Centro Virtual  www.leer.es <\/a>cuyo objetivo es contribuir al \u00e9xito acad\u00e9mico y a superar  el abandono y el fracaso escolar,\u00a0ofrece art\u00edculos, breves y divulgativos, escritos por  personas de reconocido prestigio. Tiene como fin compartir ideas,  consejos, pensamientos, adem\u00e1s de suscitar el debate y la reflexi\u00f3n  sobre los viejos y los nuevos objetivos de la alfabetizaci\u00f3n.  Con firma quiere contribuir a hacer de la lectura la herramienta b\u00e1sica  del conocimiento especialmente en la era digital.   Ofrece a docentes, estudiantes y familias claves e instrumentos para  favorecer la competencia lectora y ofrece ideas y consejos para ense\u00f1ar a  leer (comprender, escribir, hablar y conversar) por placer y a leer  para aprender matem\u00e1ticas, filosof\u00eda, publicidad o arte.  Adem\u00e1s, presta una especial atenci\u00f3n a la diversificaci\u00f3n de los  soportes de lectura y a las nuevas formas de leer, as\u00ed como las  posibilidades que ofrece la Web 2.0 para la educaci\u00f3n.<\/p>\n<p style=\"text-align: center;\"><a href=\"https:\/\/sede.educacion.gob.es\/publiventa\/detalle.action?cod=13939\" target=\"_blank\"> Con firma 2010. Leer para aprender. Leer en la era digital<\/a><\/p>\n<p><a href=\"https:\/\/sede.educacion.gob.es\/publiventa\/ImageServlet?img=13939.pdf&amp;D=OK\" target=\"_blank\"><img loading=\"lazy\" decoding=\"async\" class=\"aligncenter size-full wp-image-5308\" title=\"Captura de pantalla 2011-06-26 a las 14.08.01\" src=\"http:\/\/aula21.net\/aulablog21\/wp-content\/uploads\/2011\/06\/Captura-de-pantalla-2011-06-26-a-las-14.08.01.png\" alt=\"Captura de pantalla 2011-06-26 a las 14.08.01\" width=\"364\" height=\"451\" srcset=\"http:\/\/aula21.net\/aulablog21\/wp-content\/uploads\/2011\/06\/Captura-de-pantalla-2011-06-26-a-las-14.08.01.png 364w, http:\/\/aula21.net\/aulablog21\/wp-content\/uploads\/2011\/06\/Captura-de-pantalla-2011-06-26-a-las-14.08.01-242x300.png 242w\" sizes=\"auto, (max-width: 364px) 100vw, 364px\" \/><\/a><\/p>\n","protected":false},"excerpt":{"rendered":"<p>He disfrutado como un ni\u00f1o leyendo este art\u00edculo de Elvira Lindo en El Pa\u00eds de hoy. Los hijos de padres lectores suelen ser tambi\u00e9n buenos lectores, es tiempo de vacaciones, es tiempo de leer. Nunca se ha le\u00eddo tanto como ahora pero los soportes son m\u00faltiples, la wii, la nintendo DS, PC, tablet, ebook, SMS [&hellip;]<\/p>\n","protected":false},"author":1,"featured_media":0,"comment_status":"open","ping_status":"open","sticky":false,"template":"","format":"standard","meta":{"footnotes":""},"categories":[8,38,29,14],"tags":[],"class_list":["post-5306","post","type-post","status-publish","format-standard","hentry","category-educacion_e_internet","category-formacion","category-lecturas","category-recursos-variados"],"_links":{"self":[{"href":"http:\/\/aula21.net\/aulablog21\/wp-json\/wp\/v2\/posts\/5306","targetHints":{"allow":["GET"]}}],"collection":[{"href":"http:\/\/aula21.net\/aulablog21\/wp-json\/wp\/v2\/posts"}],"about":[{"href":"http:\/\/aula21.net\/aulablog21\/wp-json\/wp\/v2\/types\/post"}],"author":[{"embeddable":true,"href":"http:\/\/aula21.net\/aulablog21\/wp-json\/wp\/v2\/users\/1"}],"replies":[{"embeddable":true,"href":"http:\/\/aula21.net\/aulablog21\/wp-json\/wp\/v2\/comments?post=5306"}],"version-history":[{"count":0,"href":"http:\/\/aula21.net\/aulablog21\/wp-json\/wp\/v2\/posts\/5306\/revisions"}],"wp:attachment":[{"href":"http:\/\/aula21.net\/aulablog21\/wp-json\/wp\/v2\/media?parent=5306"}],"wp:term":[{"taxonomy":"category","embeddable":true,"href":"http:\/\/aula21.net\/aulablog21\/wp-json\/wp\/v2\/categories?post=5306"},{"taxonomy":"post_tag","embeddable":true,"href":"http:\/\/aula21.net\/aulablog21\/wp-json\/wp\/v2\/tags?post=5306"}],"curies":[{"name":"wp","href":"https:\/\/api.w.org\/{rel}","templated":true}]}}