{"id":5331,"date":"2011-06-29T15:44:46","date_gmt":"2011-06-29T14:44:46","guid":{"rendered":"http:\/\/aula21.net\/aulablog21\/?p=5331"},"modified":"2011-06-29T15:52:17","modified_gmt":"2011-06-29T14:52:17","slug":"carolina-coronado-un-universo-romantico","status":"publish","type":"post","link":"http:\/\/aula21.net\/aulablog21\/archives\/2011\/06\/29\/carolina-coronado-un-universo-romantico\/","title":{"rendered":"Carolina Coronado: un universo rom\u00e1ntico"},"content":{"rendered":"<p><img loading=\"lazy\" decoding=\"async\" class=\"alignleft\" style=\"margin-left: 9px; margin-right: 9px;\" src=\"http:\/\/www.bne.es\/imagenes\/HOME\/CaroCoronado_peque.jpg\" alt=\"\" width=\"128\" height=\"66\" \/>Cuando se cumplen los cien a\u00f1os de la muerte de Carolina Coronado, el Museo del Romanticismo y la Biblioteca Nacional hacen un homenaje a la escritora Extreme\u00f1a a trav\u00e9s de la exposici\u00f3n\u00a0<em>Carolina Coronado: un universo rom\u00e1ntico<\/em>, que hasta el 25 de septiembre se muestra en las salas del Museo de la Biblioteca Nacional.<\/p>\n<p>Conferencias, visitas guiadas, talleres escolares y de adultos, mesas redondas y un curioso testigo de todo ello: el carn\u00e9 de Carolina,\u00a0 son actividades que completan esta recuperaci\u00f3n de la escritora.<\/p>\n<h3 style=\"margin-top: 0.5em; margin-right: 0px; margin-bottom: 0.5em; margin-left: 0px; font-size: 1.3em; font-family: Georgia; font-weight: normal; color: #333333; display: block; clear: both; padding: 0px;\">Informaci\u00f3n relacionada<\/h3>\n<p><span style=\"line-height: 21px;\"><a style=\"padding-top: 0.3em; padding-right: 1em; padding-bottom: 0px; padding-left: 0px; text-decoration: none; color: #996600; background-image: url(http:\/\/www.bne.es\/system\/modules\/com.indra.webapp.bnweb1\/resources\/img\/bullet_box_a.gif); background-attachment: scroll; background-origin: initial; background-clip: initial; background-color: initial; background-position: 100% 0.8em; background-repeat: no-repeat no-repeat; margin: 0px;\" href=\"http:\/\/www.bne.es\/es\/Actividades\/MuseoBibliotecaNacional\/SalaMusas\/docs\/normas_carne_carolinacoronado.pdf\" target=\"_blank\">Normas e informaci\u00f3n de actividades \u00abEl carn\u00e9 de Carolina\u00bb (pdf, 230 kb)<\/a>Si completas el carn\u00e9 asistiendo\u00a0a\u00a0las actividades programadas, recibir\u00e1s un regalo muy especial.<\/span><\/p>\n<h3 style=\"margin-top: 0.5em; margin-right: 0px; margin-bottom: 0.5em; margin-left: 0px; font-size: 1.3em; font-family: Georgia; font-weight: normal; color: #333333; display: block; clear: both; padding: 0px;\">Visita virtual<\/h3>\n<p><span style=\"line-height: 21px;\"><a style=\"padding-top: 0.3em; padding-right: 1em; padding-bottom: 0px; padding-left: 0px; text-decoration: none; color: #996600; background-image: url(http:\/\/www.bne.es\/system\/modules\/com.indra.webapp.bnweb1\/resources\/img\/bullet_box_a.gif); background-attachment: scroll; background-origin: initial; background-clip: initial; background-color: initial; background-position: 100% 0.8em; background-repeat: no-repeat no-repeat; margin: 0px;\" href=\"http:\/\/www.bne.es\/es\/Actividades\/MuseoBibliotecaNacional\/docs\/visitavirtual\/mayo2011\/coronado\/coronado.html\" target=\"_blank\">Carolina Coronado: un universo rom\u00e1ntico<\/a><\/span><br \/>\n<span style=\"line-height: 21px;\"><a href=\"Informaci\u00f3n relacionada Normas e informaci\u00f3n de actividades &quot;El carn\u00e9 de Carolina&quot; (pdf, 230 kb) Visita virtual Carolina Coronado: un universo rom\u00e1ntico\" target=\"_blank\">V\u00eddeos en YouTube<\/a><\/span><\/p>\n<p style=\"text-align: center;\"><a href=\"Informaci\u00f3n relacionada Normas e informaci\u00f3n de actividades &quot;El carn\u00e9 de Carolina&quot; (pdf, 230 kb) Visita virtual Carolina Coronado: un universo rom\u00e1ntico\" target=\"_blank\"><img loading=\"lazy\" decoding=\"async\" class=\"aligncenter size-full wp-image-5332\" title=\"Captura de pantalla 2011-06-29 a las 16.41.23\" src=\"http:\/\/aula21.net\/aulablog21\/wp-content\/uploads\/2011\/06\/Captura-de-pantalla-2011-06-29-a-las-16.41.23.png\" alt=\"Captura de pantalla 2011-06-29 a las 16.41.23\" width=\"434\" height=\"359\" srcset=\"http:\/\/aula21.net\/aulablog21\/wp-content\/uploads\/2011\/06\/Captura-de-pantalla-2011-06-29-a-las-16.41.23.png 542w, http:\/\/aula21.net\/aulablog21\/wp-content\/uploads\/2011\/06\/Captura-de-pantalla-2011-06-29-a-las-16.41.23-300x249.png 300w\" sizes=\"auto, (max-width: 434px) 100vw, 434px\" \/><\/a><\/p>\n","protected":false},"excerpt":{"rendered":"<p>Cuando se cumplen los cien a\u00f1os de la muerte de Carolina Coronado, el Museo del Romanticismo y la Biblioteca Nacional hacen un homenaje a la escritora Extreme\u00f1a a trav\u00e9s de la exposici\u00f3n\u00a0Carolina Coronado: un universo rom\u00e1ntico, que hasta el 25 de septiembre se muestra en las salas del Museo de la Biblioteca Nacional. Conferencias, visitas [&hellip;]<\/p>\n","protected":false},"author":1,"featured_media":0,"comment_status":"open","ping_status":"open","sticky":false,"template":"","format":"standard","meta":{"footnotes":""},"categories":[25,14,20],"tags":[],"class_list":["post-5331","post","type-post","status-publish","format-standard","hentry","category-eventos","category-recursos-variados","category-video"],"_links":{"self":[{"href":"http:\/\/aula21.net\/aulablog21\/wp-json\/wp\/v2\/posts\/5331","targetHints":{"allow":["GET"]}}],"collection":[{"href":"http:\/\/aula21.net\/aulablog21\/wp-json\/wp\/v2\/posts"}],"about":[{"href":"http:\/\/aula21.net\/aulablog21\/wp-json\/wp\/v2\/types\/post"}],"author":[{"embeddable":true,"href":"http:\/\/aula21.net\/aulablog21\/wp-json\/wp\/v2\/users\/1"}],"replies":[{"embeddable":true,"href":"http:\/\/aula21.net\/aulablog21\/wp-json\/wp\/v2\/comments?post=5331"}],"version-history":[{"count":0,"href":"http:\/\/aula21.net\/aulablog21\/wp-json\/wp\/v2\/posts\/5331\/revisions"}],"wp:attachment":[{"href":"http:\/\/aula21.net\/aulablog21\/wp-json\/wp\/v2\/media?parent=5331"}],"wp:term":[{"taxonomy":"category","embeddable":true,"href":"http:\/\/aula21.net\/aulablog21\/wp-json\/wp\/v2\/categories?post=5331"},{"taxonomy":"post_tag","embeddable":true,"href":"http:\/\/aula21.net\/aulablog21\/wp-json\/wp\/v2\/tags?post=5331"}],"curies":[{"name":"wp","href":"https:\/\/api.w.org\/{rel}","templated":true}]}}