{"id":5348,"date":"2011-07-05T19:02:49","date_gmt":"2011-07-05T18:02:49","guid":{"rendered":"http:\/\/aula21.net\/aulablog21\/?p=5348"},"modified":"2011-07-05T19:04:28","modified_gmt":"2011-07-05T18:04:28","slug":"no-a-la-desaparacion-de-ecos","status":"publish","type":"post","link":"http:\/\/aula21.net\/aulablog21\/archives\/2011\/07\/05\/no-a-la-desaparacion-de-ecos\/","title":{"rendered":"No a la desaparaci\u00f3n de Ecos"},"content":{"rendered":"<p>Uno de los programas de m\u00e1s calidad y \u00e9xito de Canal Extremadura Televisi\u00f3n ha sido retirado de la programaci\u00f3n despu\u00e9s de cuatro a\u00f1os de vida, <a href=\"http:\/\/www.youtube.com\/user\/canalextremadura?blend=11&#038;ob=5#p\/u\/16\/kXC61yotRik\">se trata de ECOS dirigido por Nieves Moreno.<\/a><\/p>\n<p>Hace poco tuve el placer de conocer a Nieves y me anunci\u00f3 la noticia con antelaci\u00f3n, al preguntarle me dijo que el motivo era que ya llevaban cuatro a\u00f1os, a lo que yo respond\u00ed r\u00e1pidamente, muchos m\u00e1s a\u00f1os lleva Informe Semanal en TVE &#8230;<\/p>\n<p>La escritora almendralejense Carmen Fern\u00e1ndez Daza escribe hoy en el Peri\u00f3dico Extremadura<a href=\"http:\/\/www.elperiodicoextremadura.com\/noticias\/noticia.asp?pkid=592329\" target=\"_blank\"> un excelente art\u00edculo<\/a> quej\u00e1ndose por la desaparici\u00f3n de un programa de debate de calidad y desde aqu\u00ed me uno a su protesta.<\/p>\n<blockquote><p>No suelo ver la televisi\u00f3n; no es esnobismo, sino ausencia de tiempo y sobre todo rebeld\u00eda o negaci\u00f3n ante aburrimiento, el que provoca la vacuidad casi generalizada en las abundantes cadenas existentes. No obstante, los martes un programa regional sol\u00eda convocar mi atenci\u00f3n por su singularidad. Era el debate de Canal Extremadura, ECOS, que dirig\u00eda y presentaba Do\u00f1a Nieves Moreno. Y escribo era, as\u00ed en pasado, porque el d\u00eda 28 de junio, como a otros muchos televidentes, me sorprendi\u00f3 la despedida definitiva del programa, que tan copiosos temas de inter\u00e9s, sobre todo de \u00edndole social, nos ha acercado. Informada a posteriori de que los \u00edndices de audiencia eran altos, que \u00e9stos hab\u00edan crecido de manera sorprendente, hasta convertirse en uno de los programas estrella de la TV regional, a\u00fan no alcanzo a comprender tal torpeza. El protagonista principal era Extremadura, en las voces de sus gentes, en sus problemas o en sus inquietudes, con los temas de inter\u00e9s m\u00e1s vivos y \u00faltimos hechos opini\u00f3n, en un formato que garantizaba la transparencia, la ecuanimidad y sobre todo la cercan\u00eda. Esperemos que alguien sepa recapacitar o corregir el entuerto. Dicen que de sabios es rectificar a tiempo. Ans\u00edo que ning\u00fan debate maloliente usurpe el espacio de los martes, ninguno de esos mentideros de comadres hilados con chabacaner\u00eda que, a golpe de talonario, nos sit\u00faan ante las intimidades del pr\u00f3jimo; ninguno de esos concursos que, con todo lo \u00abavanzados\u00bb que parecen, tienen un tufo machista que repugna. No s\u00e9 qu\u00e9 han previsto para cubrir la hora de ECOS. Ir\u00e9 al cine o a pasear, aprovechando el ins\u00f3lito frescor de este julio, ausente esta noche en la pantalla.<\/p><\/blockquote>\n<p>Son tiempos de cambio en Extremadura, espero que los nuevos responsables de Canal Extremadura Televisi\u00f3n finalmente le den simplemente un respiro veraniego y que el programa vuelva en septiembre en todo su esplendor.<\/p>\n","protected":false},"excerpt":{"rendered":"<p>Uno de los programas de m\u00e1s calidad y \u00e9xito de Canal Extremadura Televisi\u00f3n ha sido retirado de la programaci\u00f3n despu\u00e9s de cuatro a\u00f1os de vida, se trata de ECOS dirigido por Nieves Moreno. Hace poco tuve el placer de conocer a Nieves y me anunci\u00f3 la noticia con antelaci\u00f3n, al preguntarle me dijo que el [&hellip;]<\/p>\n","protected":false},"author":1,"featured_media":0,"comment_status":"open","ping_status":"open","sticky":false,"template":"","format":"standard","meta":{"footnotes":""},"categories":[17,1,23],"tags":[],"class_list":["post-5348","post","type-post","status-publish","format-standard","hentry","category-articulos","category-miscelanea","category-sociedad"],"_links":{"self":[{"href":"http:\/\/aula21.net\/aulablog21\/wp-json\/wp\/v2\/posts\/5348","targetHints":{"allow":["GET"]}}],"collection":[{"href":"http:\/\/aula21.net\/aulablog21\/wp-json\/wp\/v2\/posts"}],"about":[{"href":"http:\/\/aula21.net\/aulablog21\/wp-json\/wp\/v2\/types\/post"}],"author":[{"embeddable":true,"href":"http:\/\/aula21.net\/aulablog21\/wp-json\/wp\/v2\/users\/1"}],"replies":[{"embeddable":true,"href":"http:\/\/aula21.net\/aulablog21\/wp-json\/wp\/v2\/comments?post=5348"}],"version-history":[{"count":0,"href":"http:\/\/aula21.net\/aulablog21\/wp-json\/wp\/v2\/posts\/5348\/revisions"}],"wp:attachment":[{"href":"http:\/\/aula21.net\/aulablog21\/wp-json\/wp\/v2\/media?parent=5348"}],"wp:term":[{"taxonomy":"category","embeddable":true,"href":"http:\/\/aula21.net\/aulablog21\/wp-json\/wp\/v2\/categories?post=5348"},{"taxonomy":"post_tag","embeddable":true,"href":"http:\/\/aula21.net\/aulablog21\/wp-json\/wp\/v2\/tags?post=5348"}],"curies":[{"name":"wp","href":"https:\/\/api.w.org\/{rel}","templated":true}]}}