{"id":540,"date":"2005-10-12T11:08:44","date_gmt":"2005-10-12T10:08:44","guid":{"rendered":"http:\/\/127.0.0.1\/wordpress2\/index.php\/archives\/2005\/10\/12\/las-cuatro-transformaciones\/"},"modified":"2005-10-12T11:29:24","modified_gmt":"2005-10-12T10:29:24","slug":"las-cuatro-transformaciones","status":"publish","type":"post","link":"http:\/\/aula21.net\/aulablog21\/archives\/2005\/10\/12\/las-cuatro-transformaciones\/","title":{"rendered":"Las cuatro transformaciones"},"content":{"rendered":"<p>A trav\u00e9s de la lista de correo <a href=\"http:\/\/dewey.uab.es\/pmarques\/dim\/\">del grupo DIM<\/a>\u00a0me entero de la publicaci\u00f3n en <a href=\"http:\/\/ferranrt2.blogspot.com\/\">el blog de Ferran Ruiz Tarrag\u00f3<\/a>\u00a0de un art\u00edculo titulado <a href=\"http:\/\/ferranrt2.blogspot.com\/2005\/10\/las-cuatro-transformaciones.html\">Las cuatro transformaciones<\/a>\u00a0cuya lectura recomiendo.\u00a0El texto contiene las ideas b\u00e1sicas de una ponencia presentada al congreso &quot;Mundo Digital, Cultura y Educaci\u00f3n&quot; celebrado recientemente. El autor intenta dar respuesta a la pregunta:<\/p>\n<p>\u00bfQu\u00e9\u00a0cambios habr\u00eda que hacer para que para que la situaci\u00f3n en el a\u00f1o 2020 pudiera considerarse como sustancialmente mejor, para que los centros educativos fueran aut\u00e9nticos n\u00facleos de aprendizaje y de desarrollo personal? .<\/p>\n<p>En palabras de Ferran &quot;<em>si queremos que dentro de quince a\u00f1os la educaci\u00f3n sea sustancialmente mejor que la que tenemos ahora, es preciso pensar y debatir lo que se debe hacer, proponer visiones, definir y probar grandes l\u00edneas de actuaci\u00f3n. Ello es m\u00e1s urgente si cabe cuando parece que en los \u00e1mbitos pol\u00edticos y en los medios de comunicaci\u00f3n empieza a tomar cuerpo la idea de que hay que aumentar sustancialmente el gasto educativo de Espa\u00f1a, gasto que no est\u00e1 a la altura de las circunstancias y de los retos de la sociedad. Sin embargo, como ya he indicado en otras Notas de opini\u00f3n, creo que ser\u00eda incongruente poner m\u00e1s dinero en \u201cm\u00e1s de lo mismo\u201d, gastar m\u00e1s para obtener como m\u00e1ximo mejoras marginales. Y mucho me temo que esto puede ocurrir, me temo que es precisamente lo que va a ocurrir&quot;.<\/em><\/p>\n<p>Lo mejor <a href=\"http:\/\/ferranrt2.blogspot.com\/2005\/10\/las-cuatro-transformaciones.html\">es leer el art\u00edculo<\/a>\u00a0y reflexionar acerca de las cuatro transformaciones que nos propone para en el a\u00f1o 2020 no\u00a0sigamos tan mal como hoy d\u00eda estamos.<\/p>\n<p>De momento el art\u00edculo tiene <a href=\"http:\/\/www.blogger.com\/comment.g?blogID=14174982&#038;postID=112870263120453081\">un comentario<\/a> realizado por uno de mis maestros favoritos <a href=\"http:\/\/www.blogger.com\/profile\/8727987\">Javier Escajedo Arrese<\/a>\u00a0del que no deja uno de aprender cosas. Gracias a los dos por sus valiosas aportaciones.<\/p>\n","protected":false},"excerpt":{"rendered":"<p>A trav\u00e9s de la lista de correo del grupo DIM\u00a0me entero de la publicaci\u00f3n en el blog de Ferran Ruiz Tarrag\u00f3\u00a0de un art\u00edculo titulado Las cuatro transformaciones\u00a0cuya lectura recomiendo.\u00a0El texto contiene las ideas b\u00e1sicas de una ponencia presentada al congreso &quot;Mundo Digital, Cultura y Educaci\u00f3n&quot; celebrado recientemente. El autor intenta dar respuesta a la pregunta: [&hellip;]<\/p>\n","protected":false},"author":1,"featured_media":0,"comment_status":"open","ping_status":"open","sticky":false,"template":"","format":"standard","meta":{"footnotes":""},"categories":[8],"tags":[],"class_list":["post-540","post","type-post","status-publish","format-standard","hentry","category-educacion_e_internet"],"_links":{"self":[{"href":"http:\/\/aula21.net\/aulablog21\/wp-json\/wp\/v2\/posts\/540","targetHints":{"allow":["GET"]}}],"collection":[{"href":"http:\/\/aula21.net\/aulablog21\/wp-json\/wp\/v2\/posts"}],"about":[{"href":"http:\/\/aula21.net\/aulablog21\/wp-json\/wp\/v2\/types\/post"}],"author":[{"embeddable":true,"href":"http:\/\/aula21.net\/aulablog21\/wp-json\/wp\/v2\/users\/1"}],"replies":[{"embeddable":true,"href":"http:\/\/aula21.net\/aulablog21\/wp-json\/wp\/v2\/comments?post=540"}],"version-history":[{"count":0,"href":"http:\/\/aula21.net\/aulablog21\/wp-json\/wp\/v2\/posts\/540\/revisions"}],"wp:attachment":[{"href":"http:\/\/aula21.net\/aulablog21\/wp-json\/wp\/v2\/media?parent=540"}],"wp:term":[{"taxonomy":"category","embeddable":true,"href":"http:\/\/aula21.net\/aulablog21\/wp-json\/wp\/v2\/categories?post=540"},{"taxonomy":"post_tag","embeddable":true,"href":"http:\/\/aula21.net\/aulablog21\/wp-json\/wp\/v2\/tags?post=540"}],"curies":[{"name":"wp","href":"https:\/\/api.w.org\/{rel}","templated":true}]}}