{"id":5433,"date":"2011-08-03T13:16:41","date_gmt":"2011-08-03T12:16:41","guid":{"rendered":"http:\/\/aula21.net\/aulablog21\/?p=5433"},"modified":"2011-08-03T13:16:41","modified_gmt":"2011-08-03T12:16:41","slug":"nuevos-estuches-y-cuadernos-en-la-clase-de-raul","status":"publish","type":"post","link":"http:\/\/aula21.net\/aulablog21\/archives\/2011\/08\/03\/nuevos-estuches-y-cuadernos-en-la-clase-de-raul\/","title":{"rendered":"Nuevos estuches y cuadernos en la clase de Ra\u00fal"},"content":{"rendered":"<p>La fundaci\u00f3n \u00a0Educared, en su secci\u00f3n dedicada al\u00a0<strong><a style=\"outline-width: 0px; outline-style: initial; outline-color: initial; font-size: 13px; vertical-align: baseline; background-image: initial; background-attachment: initial; background-origin: initial; background-clip: initial; background-color: transparent; text-decoration: underline; color: #0070c5; font-family: 'trebuchet ms', verdana, sans-serif; background-position: initial initial; background-repeat: initial initial; padding: 0px; margin: 0px; border: 0px initial initial;\" href=\"http:\/\/www.educared.org\/global\/software-libre\" target=\"_blank\">software libre y la web 2.0<\/a><\/strong>, coordinada por \u00a0<strong><a style=\"outline-width: 0px; outline-style: initial; outline-color: initial; font-size: 13px; vertical-align: baseline; background-image: initial; background-attachment: initial; background-origin: initial; background-clip: initial; background-color: transparent; text-decoration: underline; color: #0070c5; font-family: 'trebuchet ms', verdana, sans-serif; background-position: initial initial; background-repeat: initial initial; padding: 0px; margin: 0px; border: 0px initial initial;\" href=\"http:\/\/twitter.com\/#!\/cpoyatos\" target=\"_blank\">C\u00e9sar Poyatos<\/a><\/strong> y\u00a0<strong><a style=\"outline-width: 0px; outline-style: initial; outline-color: initial; font-size: 13px; vertical-align: baseline; background-image: initial; background-attachment: initial; background-origin: initial; background-clip: initial; background-color: transparent; text-decoration: underline; color: #0070c5; font-family: 'trebuchet ms', verdana, sans-serif; background-position: initial initial; background-repeat: initial initial; padding: 0px; margin: 0px; border: 0px initial initial;\" href=\"http:\/\/twitter.com\/#!\/jonhdzabaitua\" target=\"_blank\">Jon Hern\u00e1ndez<\/a><\/strong>, ha concedido el honor de ser<a href=\"http:\/\/www.educared.org\/global\/software-libre\/visualizacion?EDUCARED_SHARED_CONTENT_ID=16889410\" target=\"_blank\"> el blog del mes de Agosto a La clase de Ra\u00fal Diego<\/a>.<\/p>\n<p>Sin lugar a dudas Ra\u00fal es uno de mis profes favoritos a la hora de usar las TIC en el aula y buena prueba de ello es la presentaci\u00f3n\u00a0<strong><a href=\"http:\/\/www.slideshare.net\/rauldiego\/nuevos-estuches-y-cuadernos\" target=\"_blank\">Nuevos estuches y cuadernos<\/a> <\/strong>que recientemente ofreci\u00f3 a los asistentes al encuentro<a href=\"http:\/\/recursostic.educacion.es\/buenaspracticas20\/web\/es\/difundiendo-buenas-practicas\/378-cronica-del-vi-encuentro-aulablog-2011-celebrado-en-madrid\" target=\"_blank\"> Aulablog 2011<\/a><\/p>\n<p>Enhorabuena a Raul una vez m\u00e1s.<\/p>\n<div style=\"width:425px\" id=\"__ss_8480331\"> <strong style=\"display:block;margin:12px 0 4px\"><a href=\"http:\/\/www.slideshare.net\/rauldiego\/nuevos-estuches-y-cuadernos\" title=\"Nuevos estuches y cuadernos\" target=\"_blank\">Nuevos estuches y cuadernos<\/a><\/strong> <iframe loading=\"lazy\" src=\"http:\/\/www.slideshare.net\/slideshow\/embed_code\/8480331\" width=\"425\" height=\"355\" frameborder=\"0\" marginwidth=\"0\" marginheight=\"0\" scrolling=\"no\"><\/iframe> <\/p>\n<div style=\"padding:5px 0 12px\"> View more <a href=\"http:\/\/www.slideshare.net\/\" target=\"_blank\">presentations<\/a> from <a href=\"http:\/\/www.slideshare.net\/rauldiego\" target=\"_blank\">Ra\u00fal Diego<\/a> <\/div>\n<\/p><\/div>\n","protected":false},"excerpt":{"rendered":"<p>La fundaci\u00f3n \u00a0Educared, en su secci\u00f3n dedicada al\u00a0software libre y la web 2.0, coordinada por \u00a0C\u00e9sar Poyatos y\u00a0Jon Hern\u00e1ndez, ha concedido el honor de ser el blog del mes de Agosto a La clase de Ra\u00fal Diego. Sin lugar a dudas Ra\u00fal es uno de mis profes favoritos a la hora de usar las TIC [&hellip;]<\/p>\n","protected":false},"author":1,"featured_media":0,"comment_status":"open","ping_status":"open","sticky":false,"template":"","format":"standard","meta":{"footnotes":""},"categories":[38,22,28],"tags":[],"class_list":["post-5433","post","type-post","status-publish","format-standard","hentry","category-formacion","category-slideshare","category-web20"],"_links":{"self":[{"href":"http:\/\/aula21.net\/aulablog21\/wp-json\/wp\/v2\/posts\/5433","targetHints":{"allow":["GET"]}}],"collection":[{"href":"http:\/\/aula21.net\/aulablog21\/wp-json\/wp\/v2\/posts"}],"about":[{"href":"http:\/\/aula21.net\/aulablog21\/wp-json\/wp\/v2\/types\/post"}],"author":[{"embeddable":true,"href":"http:\/\/aula21.net\/aulablog21\/wp-json\/wp\/v2\/users\/1"}],"replies":[{"embeddable":true,"href":"http:\/\/aula21.net\/aulablog21\/wp-json\/wp\/v2\/comments?post=5433"}],"version-history":[{"count":0,"href":"http:\/\/aula21.net\/aulablog21\/wp-json\/wp\/v2\/posts\/5433\/revisions"}],"wp:attachment":[{"href":"http:\/\/aula21.net\/aulablog21\/wp-json\/wp\/v2\/media?parent=5433"}],"wp:term":[{"taxonomy":"category","embeddable":true,"href":"http:\/\/aula21.net\/aulablog21\/wp-json\/wp\/v2\/categories?post=5433"},{"taxonomy":"post_tag","embeddable":true,"href":"http:\/\/aula21.net\/aulablog21\/wp-json\/wp\/v2\/tags?post=5433"}],"curies":[{"name":"wp","href":"https:\/\/api.w.org\/{rel}","templated":true}]}}