{"id":548,"date":"2005-10-20T09:21:04","date_gmt":"2005-10-20T08:21:04","guid":{"rendered":"http:\/\/127.0.0.1\/wordpress2\/index.php\/archives\/2005\/10\/20\/la-plataforma-de-e-formacion-moodle-quaderns-digitals\/"},"modified":"2005-10-20T09:33:52","modified_gmt":"2005-10-20T08:33:52","slug":"la-plataforma-de-e-formacion-moodle-quaderns-digitals","status":"publish","type":"post","link":"http:\/\/aula21.net\/aulablog21\/archives\/2005\/10\/20\/la-plataforma-de-e-formacion-moodle-quaderns-digitals\/","title":{"rendered":"La plataforma de e-formaci\u00f3n Moodle &#8211; Quaderns Digitals"},"content":{"rendered":"<p>La plataforma de e-formaci\u00f3n Moodle &#8211; Quaderns Digitals<br \/><a href=\"http:\/\/www.quadernsdigitals.net\/moodle\/\">http:\/\/www.quadernsdigitals.net\/moodle\/<\/a> es una zona gratuita y colaborativa cuyo objetivo es crear y compartir recursos que genera la Comunidad Educativa .<br \/>Cualquier profesor o persona relacionada con la ense\u00f1anza ( Primera fase s\u00f3lo<br \/>Primaria y Secundaria ) dispondr\u00e1 de 100 MB , ampliables seg\u00fan el grado de<br \/>colaboraci\u00f3n en compartir los recursos que genera . <br \/>\u00bfC\u00f3mo solicitar? : Para crear el curso , hay que dirigirse por correo electr\u00f3nico a :Vicent Campos Sanderes <a href=\"\/cgi-bin\/compose?curmbox=00000000-0000-0000-0000-000000000001&#038;a=21f67abc34d75220d0732df4e747719d1eb060347ec3eff0529f18c566e3de25&#038;mailto=1&#038;to=vcampos@icceciberaula.es&#038;msg=CE5AC9CF-A884-41C1-81F4-C55755DBD453&#038;start=0&#038;len=16217&#038;src=&#038;type=x\">vcampos@icceciberaula.es<\/a> rellenando la siguiente informaci\u00f3n :<\/p>\n<p>\u00a0 a.. Nombre del administrador el curso <br \/>\u00a0 b.. Descripci\u00f3n del curso <br \/>\u00a0 c.. Espacio aproximado, en MB, necesario del curso <br \/>\u00a0 d.. E-mail de contacto <br \/>\u00a0 e.. A quien va dirigido <br \/>\u00a0 f.. Centro o entidad que lo pide <br \/>\u00a0 g.. N\u00famero de alumnos potenciales . <\/p>\n","protected":false},"excerpt":{"rendered":"<p>La plataforma de e-formaci\u00f3n Moodle &#8211; Quaderns Digitalshttp:\/\/www.quadernsdigitals.net\/moodle\/ es una zona gratuita y colaborativa cuyo objetivo es crear y compartir recursos que genera la Comunidad Educativa .Cualquier profesor o persona relacionada con la ense\u00f1anza ( Primera fase s\u00f3loPrimaria y Secundaria ) dispondr\u00e1 de 100 MB , ampliables seg\u00fan el grado decolaboraci\u00f3n en compartir los recursos [&hellip;]<\/p>\n","protected":false},"author":1,"featured_media":0,"comment_status":"open","ping_status":"open","sticky":false,"template":"","format":"standard","meta":{"footnotes":""},"categories":[8,10],"tags":[],"class_list":["post-548","post","type-post","status-publish","format-standard","hentry","category-educacion_e_internet","category-utilidades"],"_links":{"self":[{"href":"http:\/\/aula21.net\/aulablog21\/wp-json\/wp\/v2\/posts\/548","targetHints":{"allow":["GET"]}}],"collection":[{"href":"http:\/\/aula21.net\/aulablog21\/wp-json\/wp\/v2\/posts"}],"about":[{"href":"http:\/\/aula21.net\/aulablog21\/wp-json\/wp\/v2\/types\/post"}],"author":[{"embeddable":true,"href":"http:\/\/aula21.net\/aulablog21\/wp-json\/wp\/v2\/users\/1"}],"replies":[{"embeddable":true,"href":"http:\/\/aula21.net\/aulablog21\/wp-json\/wp\/v2\/comments?post=548"}],"version-history":[{"count":0,"href":"http:\/\/aula21.net\/aulablog21\/wp-json\/wp\/v2\/posts\/548\/revisions"}],"wp:attachment":[{"href":"http:\/\/aula21.net\/aulablog21\/wp-json\/wp\/v2\/media?parent=548"}],"wp:term":[{"taxonomy":"category","embeddable":true,"href":"http:\/\/aula21.net\/aulablog21\/wp-json\/wp\/v2\/categories?post=548"},{"taxonomy":"post_tag","embeddable":true,"href":"http:\/\/aula21.net\/aulablog21\/wp-json\/wp\/v2\/tags?post=548"}],"curies":[{"name":"wp","href":"https:\/\/api.w.org\/{rel}","templated":true}]}}