{"id":557,"date":"2005-10-26T18:59:36","date_gmt":"2005-10-26T17:59:36","guid":{"rendered":"http:\/\/127.0.0.1\/wordpress2\/index.php\/archives\/2005\/10\/26\/encuesta-sobre-educacion-en-espana\/"},"modified":"2005-10-26T19:38:49","modified_gmt":"2005-10-26T18:38:49","slug":"encuesta-sobre-educacion-en-espana","status":"publish","type":"post","link":"http:\/\/aula21.net\/aulablog21\/archives\/2005\/10\/26\/encuesta-sobre-educacion-en-espana\/","title":{"rendered":"Encuesta sobre educaci\u00f3n en Espa\u00f1a"},"content":{"rendered":"<p>Seg\u00fan\u00a0la encuesta realizada por el Instituto de Evaluaci\u00f3n y Asesoramiento Educativo (IDEA)\u00a0a 2.138 familias espa\u00f1olas con hijos escolarizados en Primaria, Secundaria y Bachillerato, en centros p\u00fablicos y concertados, situados en diferentes comunidades aut\u00f3nomas (hay ocho formas m\u00e1s de llamarlas pero con una basta&#8230;)\u00a0la mitad de los padres espa\u00f1oles cree que el sistema educativo funciona mal, aunque est\u00e1n muy satisfechos con el ambiente del centro escolar donde estudian sus hijos. Las familias piensan que los profesores son competentes y realizan un buen trabajo. Sin embargo, sienten desconcierto ante las sucesivas reformas legales del sistema educativo.<\/p>\n<p>Los profes tambi\u00e9n estamos desconcertados y me temo que as\u00ed\u00a0seguiremos\u00a0 hasta que nos jubilemos.<\/p>\n<p>En nuestra naci\u00f3n de naciones lo importante es estar todo el d\u00eda hablando de catalanes y vascos, la educaci\u00f3n es algo secundario.<br \/>Pronto un alumno escribir\u00e1 en un ejercicio <em>&quot;El alcalde de A Coru\u00f1a le dijo al de London que l<\/em><font color=\"#000000\"><em>&#8216;Estatut d&#8217;Autonomia de Catalunya le produce urticaria&quot;<\/em> y\u00a0tendremos que d\u00e1rselo por bueno pues cosas as\u00ed se leen y escuchan a diario en los medios de comunicaci\u00f3n.<\/font><\/p>\n<p>Pero Paco&#8230;. \u00a1retoma el tema! lo que yo quer\u00eda decir es que para saber m\u00e1s de la citada encuesta pode\u00eds<a href=\"http:\/\/comunidad-escolar.pntic.mec.es\/774\/info6.html\"> leer esta p\u00e1gina<\/a><\/p>\n<p>\u00a0<\/p>\n<p>\u00a0<\/p>\n","protected":false},"excerpt":{"rendered":"<p>Seg\u00fan\u00a0la encuesta realizada por el Instituto de Evaluaci\u00f3n y Asesoramiento Educativo (IDEA)\u00a0a 2.138 familias espa\u00f1olas con hijos escolarizados en Primaria, Secundaria y Bachillerato, en centros p\u00fablicos y concertados, situados en diferentes comunidades aut\u00f3nomas (hay ocho formas m\u00e1s de llamarlas pero con una basta&#8230;)\u00a0la mitad de los padres espa\u00f1oles cree que el sistema educativo funciona mal, [&hellip;]<\/p>\n","protected":false},"author":1,"featured_media":0,"comment_status":"open","ping_status":"open","sticky":false,"template":"","format":"standard","meta":{"footnotes":""},"categories":[8],"tags":[],"class_list":["post-557","post","type-post","status-publish","format-standard","hentry","category-educacion_e_internet"],"_links":{"self":[{"href":"http:\/\/aula21.net\/aulablog21\/wp-json\/wp\/v2\/posts\/557","targetHints":{"allow":["GET"]}}],"collection":[{"href":"http:\/\/aula21.net\/aulablog21\/wp-json\/wp\/v2\/posts"}],"about":[{"href":"http:\/\/aula21.net\/aulablog21\/wp-json\/wp\/v2\/types\/post"}],"author":[{"embeddable":true,"href":"http:\/\/aula21.net\/aulablog21\/wp-json\/wp\/v2\/users\/1"}],"replies":[{"embeddable":true,"href":"http:\/\/aula21.net\/aulablog21\/wp-json\/wp\/v2\/comments?post=557"}],"version-history":[{"count":0,"href":"http:\/\/aula21.net\/aulablog21\/wp-json\/wp\/v2\/posts\/557\/revisions"}],"wp:attachment":[{"href":"http:\/\/aula21.net\/aulablog21\/wp-json\/wp\/v2\/media?parent=557"}],"wp:term":[{"taxonomy":"category","embeddable":true,"href":"http:\/\/aula21.net\/aulablog21\/wp-json\/wp\/v2\/categories?post=557"},{"taxonomy":"post_tag","embeddable":true,"href":"http:\/\/aula21.net\/aulablog21\/wp-json\/wp\/v2\/tags?post=557"}],"curies":[{"name":"wp","href":"https:\/\/api.w.org\/{rel}","templated":true}]}}