{"id":5631,"date":"2011-09-27T21:46:20","date_gmt":"2011-09-27T20:46:20","guid":{"rendered":"http:\/\/aula21.net\/aulablog21\/?p=5631"},"modified":"2011-09-27T22:14:51","modified_gmt":"2011-09-27T21:14:51","slug":"si-no-existiese-chiron-habria-que-inventarlo-feliz-cumpleanos","status":"publish","type":"post","link":"http:\/\/aula21.net\/aulablog21\/archives\/2011\/09\/27\/si-no-existiese-chiron-habria-que-inventarlo-feliz-cumpleanos\/","title":{"rendered":"Si no existiese Chiron habr\u00eda que inventarlo, feliz cumplea\u00f1os"},"content":{"rendered":"<p><a href=\"http:\/\/aula21.net\/aulablog21\/wp-content\/uploads\/2011\/09\/logotransparente.png\"><img loading=\"lazy\" decoding=\"async\" class=\"alignleft size-thumbnail wp-image-5635\" style=\"margin-left: 8px; margin-right: 8px;\" title=\"logotransparente\" src=\"http:\/\/aula21.net\/aulablog21\/wp-content\/uploads\/2011\/09\/logotransparente-140x150.png\" alt=\"logotransparente\" width=\"140\" height=\"150\" \/><\/a>La noticia del d\u00eda indudablemente es que <a href=\"http:\/\/www.chironweb.org\/\" target=\"_blank\">Chiron, <\/a>un grupo formado por profesores de Espa\u00f1a y allende de los mares, ha cumplido cinco a\u00f1os desde su fundaci\u00f3n por, Carlos Cabanillas, (<a href=\"http:\/\/extremaduraclasica.com\/bitacora\/\" target=\"_blank\">@ubibene, Extremadura Cl\u00e1sica<\/a>) su presidente. Enhorabuena!!!<\/p>\n<p>@ubibene y yo vivimos exiliados en este rinc\u00f3n de Extremadura, y creo que no hay dos personas tan iguales y distintas a la vez como nosotros. Es un lujo contar con un profesor como Carlos en nuestra regi\u00f3n, hemos pasado buenos ratos juntos&#8230;<\/p>\n<p><a href=\"http:\/\/aula21.net\/aulablog21\/wp-content\/uploads\/2011\/09\/Captura-de-pantalla-2011-09-27-a-las-22.44.46.png\"><img loading=\"lazy\" decoding=\"async\" class=\"aligncenter size-full wp-image-5633\" title=\"Captura de pantalla 2011-09-27 a las 22.44.46\" src=\"http:\/\/aula21.net\/aulablog21\/wp-content\/uploads\/2011\/09\/Captura-de-pantalla-2011-09-27-a-las-22.44.46.png\" alt=\"Captura de pantalla 2011-09-27 a las 22.44.46\" width=\"343\" height=\"275\" srcset=\"http:\/\/aula21.net\/aulablog21\/wp-content\/uploads\/2011\/09\/Captura-de-pantalla-2011-09-27-a-las-22.44.46.png 343w, http:\/\/aula21.net\/aulablog21\/wp-content\/uploads\/2011\/09\/Captura-de-pantalla-2011-09-27-a-las-22.44.46-300x240.png 300w\" sizes=\"auto, (max-width: 343px) 100vw, 343px\" \/><\/a><\/p>\n<p>Desde hace muchos a\u00f1os sostengo la tesis que <a href=\"http:\/\/www.chironweb.org\/\" target=\"_blank\">es el proyecto de m\u00e1s entidad <\/a>y buenos resultados que en el mundo de la docencia hispana hay, ese modelo debidamente clonado en el resto de \u00e1reas, desde Infantil hasta la Universidad es el MODELO a seguir con may\u00fasculas.<\/p>\n<p>Muchas veces he estado tentado de intentar hacer lo mismo en F\u00edsica y Qu\u00edmica pero por falta de tiempo no he podido, lo dejar\u00e9 para mi jubilaci\u00f3n.<\/p>\n<p>Hasta Google los ha felicitado pues en su portada se pod\u00eda hoy ver este doodle:<\/p>\n<p><a href=\"http:\/\/nausicanausica.blogspot.com\/2011\/09\/felicidades-chiron.html\" target=\"_blank\"><\/a><img loading=\"lazy\" decoding=\"async\" class=\"aligncenter\" src=\"http:\/\/www.google.es\/logos\/2011\/Googles_13th_Birthday-2011-hp.jpg\" alt=\"\" width=\"383\" height=\"218\" \/><\/p>\n<p style=\"text-align: center;\">Y<a href=\"http:\/\/nausicanausica.blogspot.com\/2011\/09\/felicidades-chiron.html\" target=\"_blank\"> Nausica ha hecho este maravillosos montaje <\/a><\/p>\n<p style=\"text-align: center;\"><img loading=\"lazy\" decoding=\"async\" class=\"aligncenter\" style=\"border-style: initial; border-color: initial;\" title=\"CABANILLAS\" src=\"http:\/\/aula21.net\/aulablog21\/wp-content\/uploads\/2011\/09\/CABANILLAS.jpg\" alt=\"CABANILLAS\" width=\"311\" height=\"400\" \/><\/p>\n<p>Un proyecto tan exitoso es fruto del trabajo de un mont\u00f3n de gente pero siempre hay una mujer, una musa que inspira todo, en este caso es Ana Ovando<a href=\"http:\/\/voxgraeca.blogspot.com\/2011\/09\/quinque.html\" target=\"_blank\"> <span style=\"font-family: 'Trebuchet MS', Trebuchet, Verdana, sans-serif; line-height: normal;\">\u03c0\u03ad\u03bd\u03c4\u03b5 &#8211; quinque<\/span><\/a><\/p>\n<p>Fue un 27 de enero cuando\u00a0<a style=\"color: #940f04;\" href=\"http:\/\/extremaduraclasica.com\/bitacora\/2006\/01\/27\/articulo-de-sebastia-giralt\/\" target=\"_blank\">Carlos Cabanillas lanzaba una propuesta<\/a> a los docentes de cl\u00e1sicas desde su bit\u00e1cora: puesto que un buen n\u00famero de profesores est\u00e1n desarrollando materiales accesibles desde Internet, \u00bfpor qu\u00e9 no dise\u00f1ar un proyecto com\u00fan que una todos esos esfuerzos? Fue r\u00e1pida la respuesta a esta propuesta por parte de unos cuantos compa\u00f1eros, mientras que otros se han ido sumando posteriormente:\u00a0<a style=\"color: #940f04;\" href=\"http:\/\/www.xtec.cat\/~sgiralt\/\" target=\"_blank\">Sebasti\u00e0 Giralt<\/a>,\u00a0<a style=\"color: #940f04;\" href=\"http:\/\/voxgraeca.blogspot.com\/\" target=\"_blank\">Ana Ovando<\/a>,<a style=\"color: #940f04;\" href=\"http:\/\/doceoetdisco.blogspot.com\/\" target=\"_blank\">Luis Incl\u00e1n<\/a>,\u00a0<a style=\"color: #940f04;\" href=\"http:\/\/labryx.blogspot.com\/\" target=\"_blank\">Olga D\u00edez<\/a>,\u00a0<a style=\"color: #940f04;\" href=\"http:\/\/divesgallaecia.blogspot.com\/\" target=\"_blank\">\u00c1lvaro P\u00e9rez Vilari\u00f1o<\/a>,\u00a0<a style=\"color: #940f04;\" href=\"http:\/\/instiblog.sergiferrus.net\/\" target=\"_blank\">Sergi Ferr\u00fas<\/a>,\u00a0<a style=\"color: #940f04;\" href=\"http:\/\/blog.pompilos.org\/\" target=\"_blank\">Jos\u00e9 M. Ciordia<\/a>,<a style=\"color: #940f04;\" href=\"http:\/\/www.iaenus.es\/\" target=\"_blank\">Iaenus<\/a>,\u00a0<a style=\"color: #940f04;\" href=\"http:\/\/latinista.wordpress.com\/\" target=\"_blank\">Manuel L\u00f3pez<\/a>,\u00a0<a style=\"color: #940f04;\" href=\"http:\/\/ettimologiia.blogspot.com\/\" target=\"_blank\">Meli San Mart\u00edn<\/a>,\u00a0<a style=\"color: #940f04;\" href=\"http:\/\/aliso.pntic.mec.es\/agalle17\" target=\"_blank\">\u00c1ngel Luis Gallego<\/a>,\u00a0<a style=\"color: #940f04;\" href=\"http:\/\/blocs.xtec.cat\/elfildelesclassiques\/\" target=\"_blank\">Margalida Capell\u00e0<\/a>,<a style=\"color: #940f04;\" href=\"http:\/\/porquemegusta-mertxu.blogspot.com\/\" target=\"_blank\">Mertxu Ovejas<\/a> y\u00a0<a style=\"color: #940f04;\" href=\"http:\/\/rodriweb.com\/\" target=\"_blank\">Rodrigo Portela<\/a>.<\/p>\n<p><span style=\"font-family: 'Trebuchet MS', Trebuchet, Verdana, sans-serif; line-height: normal;\">Este grupo es tan poderoso que lo veo capaz hasta de resucitar la maltrecha econom\u00eda griega.<\/span><\/p>\n<p><span style=\"font-family: 'Trebuchet MS', Trebuchet, Verdana, sans-serif; line-height: normal;\">Enhorabuena y gracias por compartir tanto con tanta generosidad.<\/span><\/p>\n<p><span style=\"font-family: 'Trebuchet MS', Trebuchet, Verdana, sans-serif; line-height: normal;\"><br \/>\n<\/span><\/p>\n<div><span style=\"color: #0000ee; -webkit-text-decorations-in-effect: underline;\"><br \/>\n<\/span><\/div>\n","protected":false},"excerpt":{"rendered":"<p>La noticia del d\u00eda indudablemente es que Chiron, un grupo formado por profesores de Espa\u00f1a y allende de los mares, ha cumplido cinco a\u00f1os desde su fundaci\u00f3n por, Carlos Cabanillas, (@ubibene, Extremadura Cl\u00e1sica) su presidente. Enhorabuena!!! @ubibene y yo vivimos exiliados en este rinc\u00f3n de Extremadura, y creo que no hay dos personas tan iguales [&hellip;]<\/p>\n","protected":false},"author":1,"featured_media":0,"comment_status":"open","ping_status":"open","sticky":false,"template":"","format":"standard","meta":{"footnotes":""},"categories":[8,25,7],"tags":[],"class_list":["post-5631","post","type-post","status-publish","format-standard","hentry","category-educacion_e_internet","category-eventos","category-personal"],"_links":{"self":[{"href":"http:\/\/aula21.net\/aulablog21\/wp-json\/wp\/v2\/posts\/5631","targetHints":{"allow":["GET"]}}],"collection":[{"href":"http:\/\/aula21.net\/aulablog21\/wp-json\/wp\/v2\/posts"}],"about":[{"href":"http:\/\/aula21.net\/aulablog21\/wp-json\/wp\/v2\/types\/post"}],"author":[{"embeddable":true,"href":"http:\/\/aula21.net\/aulablog21\/wp-json\/wp\/v2\/users\/1"}],"replies":[{"embeddable":true,"href":"http:\/\/aula21.net\/aulablog21\/wp-json\/wp\/v2\/comments?post=5631"}],"version-history":[{"count":0,"href":"http:\/\/aula21.net\/aulablog21\/wp-json\/wp\/v2\/posts\/5631\/revisions"}],"wp:attachment":[{"href":"http:\/\/aula21.net\/aulablog21\/wp-json\/wp\/v2\/media?parent=5631"}],"wp:term":[{"taxonomy":"category","embeddable":true,"href":"http:\/\/aula21.net\/aulablog21\/wp-json\/wp\/v2\/categories?post=5631"},{"taxonomy":"post_tag","embeddable":true,"href":"http:\/\/aula21.net\/aulablog21\/wp-json\/wp\/v2\/tags?post=5631"}],"curies":[{"name":"wp","href":"https:\/\/api.w.org\/{rel}","templated":true}]}}