{"id":5688,"date":"2011-10-15T12:00:09","date_gmt":"2011-10-15T11:00:09","guid":{"rendered":"http:\/\/aula21.net\/aulablog21\/?p=5688"},"modified":"2011-10-15T22:52:02","modified_gmt":"2011-10-15T21:52:02","slug":"nuevos-recursos-para-la-eso-en-auladiver","status":"publish","type":"post","link":"http:\/\/aula21.net\/aulablog21\/archives\/2011\/10\/15\/nuevos-recursos-para-la-eso-en-auladiver\/","title":{"rendered":"Nuevo Banco de Recursos para la ESO en Auladiver"},"content":{"rendered":"<p><!--adsense--><br \/>\nEn julio estuve preparando para mi<a href=\"http:\/\/auladiver.wikispaces.com\/\" target=\"_blank\"> wiki Auladiver <\/a>una nueva selecci\u00f3n de recursos para el \u00c1mbito Cient\u00edfico de los programas de diversificaci\u00f3n curricular que deseo compartir con vosotros. Creo que pueden ser de utilidad para los docentes de la ESO en general y de asignaturas de ciencias en especial.<\/p>\n<p>Nota: Estas horas no contabilizan en las 18 horas semanales que trabajamos los profesores ni en los concursos de m\u00e9ritos, pero si que lo hacen en la satisfacci\u00f3n personal y autoestima, que como todos pod\u00e9is entender, vale \u00a0mucho m\u00e1s que todo eso.<\/p>\n<p style=\"text-align: center;\"><a href=\"http:\/\/auladiver.wikispaces.com\/nuevostemas3\" target=\"_blank\">Para 3\u00ba de ESO<\/a><\/p>\n<p style=\"text-align: center;\"><a href=\"http:\/\/auladiver.wikispaces.com\/nuevostemas3\" target=\"_blank\"><img loading=\"lazy\" decoding=\"async\" class=\"aligncenter size-full wp-image-5689\" style=\"border: 1px solid black;\" title=\"Captura de pantalla 2011-10-15 a las 12.52.48\" src=\"http:\/\/aula21.net\/aulablog21\/wp-content\/uploads\/2011\/10\/Captura-de-pantalla-2011-10-15-a-las-12.52.48.png\" alt=\"Captura de pantalla 2011-10-15 a las 12.52.48\" width=\"439\" height=\"225\" srcset=\"http:\/\/aula21.net\/aulablog21\/wp-content\/uploads\/2011\/10\/Captura-de-pantalla-2011-10-15-a-las-12.52.48.png 731w, http:\/\/aula21.net\/aulablog21\/wp-content\/uploads\/2011\/10\/Captura-de-pantalla-2011-10-15-a-las-12.52.48-300x154.png 300w\" sizes=\"auto, (max-width: 439px) 100vw, 439px\" \/><\/a><a href=\"http:\/\/auladiver.wikispaces.com\/nuevostemas4\" target=\"_blank\"><\/a><\/p>\n<p style=\"text-align: center;\"><a href=\"http:\/\/auladiver.wikispaces.com\/nuevostemas4\" target=\"_blank\">Para 4\u00ba de ESO<\/a><\/p>\n<p style=\"text-align: center;\">\n<p style=\"text-align: center;\"><a href=\"http:\/\/auladiver.wikispaces.com\/nuevostemas4\" target=\"_blank\"><img loading=\"lazy\" decoding=\"async\" class=\"aligncenter size-full wp-image-5690\" style=\"border: 1px solid black;\" title=\"Captura de pantalla 2011-10-15 a las 12.53.06\" src=\"http:\/\/aula21.net\/aulablog21\/wp-content\/uploads\/2011\/10\/Captura-de-pantalla-2011-10-15-a-las-12.53.06.png\" alt=\"Captura de pantalla 2011-10-15 a las 12.53.06\" width=\"418\" height=\"257\" srcset=\"http:\/\/aula21.net\/aulablog21\/wp-content\/uploads\/2011\/10\/Captura-de-pantalla-2011-10-15-a-las-12.53.06.png 745w, http:\/\/aula21.net\/aulablog21\/wp-content\/uploads\/2011\/10\/Captura-de-pantalla-2011-10-15-a-las-12.53.06-300x184.png 300w\" sizes=\"auto, (max-width: 418px) 100vw, 418px\" \/><\/a><\/p>\n<p>Tambi\u00e9n actualic\u00e9 dos nuevos apartados:<\/p>\n<ul>\n<li><a href=\"http:\/\/auladiver.wikispaces.com\/nuevostemas3\"><img loading=\"lazy\" decoding=\"async\" title=\"posit.gif\" src=\"http:\/\/aulablog21.wikispaces.com\/file\/view\/posit.gif\/30191733\/posit.gif\" alt=\"posit.gif\" width=\"20\" height=\"20\" align=\"left\" \/><\/a><a href=\"http:\/\/auladiver.wikispaces.com\/herramientas20\">Herramientas 2.0 a usar por mis alumnos<\/a><\/li>\n<\/ul>\n<ul>\n<li><a href=\"http:\/\/auladiver.wikispaces.com\/nuevostemas3\"><img loading=\"lazy\" decoding=\"async\" title=\"posit.gif\" src=\"http:\/\/aulablog21.wikispaces.com\/file\/view\/posit.gif\/30191733\/posit.gif\" alt=\"posit.gif\" width=\"23\" height=\"24\" align=\"left\" \/><\/a><a href=\"http:\/\/auladiver.wikispaces.com\/leeryescribir\">Leer y escribir<\/a><\/li>\n<\/ul>\n","protected":false},"excerpt":{"rendered":"<p>En julio estuve preparando para mi wiki Auladiver una nueva selecci\u00f3n de recursos para el \u00c1mbito Cient\u00edfico de los programas de diversificaci\u00f3n curricular que deseo compartir con vosotros. Creo que pueden ser de utilidad para los docentes de la ESO en general y de asignaturas de ciencias en especial. Nota: Estas horas no contabilizan en [&hellip;]<\/p>\n","protected":false},"author":1,"featured_media":0,"comment_status":"open","ping_status":"open","sticky":false,"template":"","format":"standard","meta":{"footnotes":""},"categories":[8,7,14],"tags":[],"class_list":["post-5688","post","type-post","status-publish","format-standard","hentry","category-educacion_e_internet","category-personal","category-recursos-variados"],"_links":{"self":[{"href":"http:\/\/aula21.net\/aulablog21\/wp-json\/wp\/v2\/posts\/5688","targetHints":{"allow":["GET"]}}],"collection":[{"href":"http:\/\/aula21.net\/aulablog21\/wp-json\/wp\/v2\/posts"}],"about":[{"href":"http:\/\/aula21.net\/aulablog21\/wp-json\/wp\/v2\/types\/post"}],"author":[{"embeddable":true,"href":"http:\/\/aula21.net\/aulablog21\/wp-json\/wp\/v2\/users\/1"}],"replies":[{"embeddable":true,"href":"http:\/\/aula21.net\/aulablog21\/wp-json\/wp\/v2\/comments?post=5688"}],"version-history":[{"count":0,"href":"http:\/\/aula21.net\/aulablog21\/wp-json\/wp\/v2\/posts\/5688\/revisions"}],"wp:attachment":[{"href":"http:\/\/aula21.net\/aulablog21\/wp-json\/wp\/v2\/media?parent=5688"}],"wp:term":[{"taxonomy":"category","embeddable":true,"href":"http:\/\/aula21.net\/aulablog21\/wp-json\/wp\/v2\/categories?post=5688"},{"taxonomy":"post_tag","embeddable":true,"href":"http:\/\/aula21.net\/aulablog21\/wp-json\/wp\/v2\/tags?post=5688"}],"curies":[{"name":"wp","href":"https:\/\/api.w.org\/{rel}","templated":true}]}}