{"id":580,"date":"2005-11-07T18:43:51","date_gmt":"2005-11-07T17:43:51","guid":{"rendered":"http:\/\/127.0.0.1\/wordpress2\/index.php\/archives\/2005\/11\/07\/libro-digital-el-ecosistema-digital\/"},"modified":"2005-11-07T21:06:02","modified_gmt":"2005-11-07T20:06:02","slug":"libro-digital-el-ecosistema-digital","status":"publish","type":"post","link":"http:\/\/aula21.net\/aulablog21\/archives\/2005\/11\/07\/libro-digital-el-ecosistema-digital\/","title":{"rendered":"Libro digital: El ecosistema digital"},"content":{"rendered":"<p><a href=\"http:\/\/www.vidadigital.net\/blog\/\">Mario N\u00fa\u00f1ez<\/a>\u00a0nos inform\u00f3 ayer que se ha publicado un libro titulado\u00a0<a title=\"El ecosistema digital: Modelos de comunicaci\u00f3n, nuevos medios y p\u00fablico en Internet\" href=\"http:\/\/www.uv.es\/demopode\/libro1\/\" target=\"_blank\">El ecosistema digital: Modelos de comunicaci\u00f3n, nuevos medios y p\u00fablico en Internet<\/a><\/p>\n<p>Este libro es fruto de la coordinaci\u00f3n de Guillermo L\u00f3pez y la participaci\u00f3n de 15 investigadores en la mater\u00eda, entre los cuales est\u00e1 la periodista y\u00a0profesora de la Universidad de M\u00e1laga\u00a0<a href=\"http:\/\/www.filmica.com\/sonia_blanco\/archivos\/000663.html\">Sonia Blanco<\/a>\u00a0cuyo blog ya ha sido por mi rese\u00f1ado en alg\u00fan art\u00edculo\u00a0.<\/p>\n<p>El libro est\u00e1 bajo licencia <a href=\"http:\/\/creativecommons.org\/licenses\/by-nc-sa\/2.5\/deed.es\" target=\"_blank\">Creative Commons<\/a> y est\u00e1\u00a0disponible en los siguientes enlaces:<\/p>\n<div class=\"side\">\n<ul>\n<li class=\"ul1\"><a href=\"http:\/\/www.uv.es\/demopode\/libro1\/EcosistemaDigital.pdf\">Acceso al libro completo en la WWW<\/a> (Archivo PDF, 2&#8217;4 MB) <\/li>\n<li class=\"ul1\"><a href=\"ed2k:\/\/|file|EcosistemaDigital.pdf|2471544|9786F1EEA940DA3C72354CA6830C15E3|h=5IHWQIPPP6KMUCQXDBZOGX3B77Z2JXJ7|\/\">Acceso al libro completo en eMule<\/a> (Archivo PDF, 2&#8217;4 MB) <\/li>\n<\/ul>\n<\/div>\n<p>Tambi\u00e9n disponible por cap\u00edtulos en: <a title=\"El ecosistema digital: Modelos de comunicaci\u00f3n, nuevos medios y p\u00fablico en Internet\" href=\"http:\/\/www.uv.es\/demopode\/libro1\/\" target=\"_blank\">El ecosistema digital: Modelos de comunicaci\u00f3n, nuevos medios y p\u00fablico en Internet<\/a><\/p>\n<p>De momento me ha dado tiempo a leer el art\u00edculo cuyo t\u00edtulo m\u00e1s me ha llamado la atenci\u00f3n que es el de la profesora Sonia Blanco:<\/p>\n<p><a href=\"http:\/\/www.uv.es\/demopode\/libro1\/SoniaBlanco.pdf\"><font face=\"Verdana\" size=\"2\">Los weblogs como herramienta did\u00e1ctica en el seno de una asignatura curricular<\/font><\/a><font face=\"Verdana\" size=\"2\">\u00a0<\/font><\/p>\n<p>Sonia utiliza los blogs con sus alumnos, <a href=\"http:\/\/webpersonal.uma.es\/~sblanco\/\">este es su blog de apoyo docente a estudiantes de comunicaci\u00f3n audiovisual<\/a>.<\/p>\n<h3 \/><\/h3>\n","protected":false},"excerpt":{"rendered":"<p>Mario N\u00fa\u00f1ez\u00a0nos inform\u00f3 ayer que se ha publicado un libro titulado\u00a0El ecosistema digital: Modelos de comunicaci\u00f3n, nuevos medios y p\u00fablico en Internet Este libro es fruto de la coordinaci\u00f3n de Guillermo L\u00f3pez y la participaci\u00f3n de 15 investigadores en la mater\u00eda, entre los cuales est\u00e1 la periodista y\u00a0profesora de la Universidad de M\u00e1laga\u00a0Sonia Blanco\u00a0cuyo blog [&hellip;]<\/p>\n","protected":false},"author":1,"featured_media":0,"comment_status":"open","ping_status":"open","sticky":false,"template":"","format":"standard","meta":{"footnotes":""},"categories":[2],"tags":[],"class_list":["post-580","post","type-post","status-publish","format-standard","hentry","category-weblogs_en_el_aula"],"_links":{"self":[{"href":"http:\/\/aula21.net\/aulablog21\/wp-json\/wp\/v2\/posts\/580","targetHints":{"allow":["GET"]}}],"collection":[{"href":"http:\/\/aula21.net\/aulablog21\/wp-json\/wp\/v2\/posts"}],"about":[{"href":"http:\/\/aula21.net\/aulablog21\/wp-json\/wp\/v2\/types\/post"}],"author":[{"embeddable":true,"href":"http:\/\/aula21.net\/aulablog21\/wp-json\/wp\/v2\/users\/1"}],"replies":[{"embeddable":true,"href":"http:\/\/aula21.net\/aulablog21\/wp-json\/wp\/v2\/comments?post=580"}],"version-history":[{"count":0,"href":"http:\/\/aula21.net\/aulablog21\/wp-json\/wp\/v2\/posts\/580\/revisions"}],"wp:attachment":[{"href":"http:\/\/aula21.net\/aulablog21\/wp-json\/wp\/v2\/media?parent=580"}],"wp:term":[{"taxonomy":"category","embeddable":true,"href":"http:\/\/aula21.net\/aulablog21\/wp-json\/wp\/v2\/categories?post=580"},{"taxonomy":"post_tag","embeddable":true,"href":"http:\/\/aula21.net\/aulablog21\/wp-json\/wp\/v2\/tags?post=580"}],"curies":[{"name":"wp","href":"https:\/\/api.w.org\/{rel}","templated":true}]}}