{"id":583,"date":"2005-11-12T22:38:45","date_gmt":"2005-11-12T21:38:45","guid":{"rendered":"http:\/\/127.0.0.1\/wordpress2\/index.php\/archives\/2005\/11\/12\/el-problema-no-es-la-religion\/"},"modified":"2005-11-13T19:20:42","modified_gmt":"2005-11-13T18:20:42","slug":"el-problema-no-es-la-religion","status":"publish","type":"post","link":"http:\/\/aula21.net\/aulablog21\/archives\/2005\/11\/12\/el-problema-no-es-la-religion\/","title":{"rendered":"El problema no es la religi\u00f3n"},"content":{"rendered":"<p>El problema de la LOE no es el tema de la religi\u00f3n como algunos quieren hacernos ver, el problema es que es m\u00e1s de lo mismo es decir\u00a0de LOGSE la cual\u00a0 ha llevado a nuestro sistema educativo a ser uno de los peores de Europa, el partido responsable del desastre es el PSOE sin lugar a dudas pues la ley de calidad que propuso el PP no ha podido ser desarrollada.<\/p>\n<p>En <a href=\"http:\/\/www.periodistadigital.com\/\">Periodista digital<\/a>\u00a0podemos leer esta entrevista con la que estoy totalmente de acuerdo:<\/p>\n<p><strong><em>P: \u00bfD\u00f3nde nos lleva este fracaso educativo? <\/em><\/strong><\/p>\n<p>R: Pues acaba derivando en lo que ocurre estos d\u00edas en Par\u00eds, que es producto del malestar de la sociedad y de una educaci\u00f3n en la que los chicos nunca tuvieron normas, ni reglas, ni moral ni principios. No diferencian entre el bien y el mal. <\/p>\n<p><strong>P: \u00bfDesde cu\u00e1ndo estamos en ese camino en Espa\u00f1a? <\/strong><\/p>\n<p>R: Desde que hace 15 a\u00f1os se implant\u00f3 la LOGSE. Antes los institutos p\u00fablicos ten\u00edan fama, prestigio y ofrec\u00edan garant\u00edas de calidad, pero con la LOGSE se acab\u00f3 con dos principios b\u00e1sicos: la educaci\u00f3n en libertad y que todo acto tiene consecuencias. Lo primero porque los chavales perdieron la posibilidad de elegir qu\u00e9 camino tomar a los 14 a\u00f1os, si seguir en el bachillerato o hacer FP, se ve\u00edan obligados a seguir dos a\u00f1os m\u00e1s en el colegio sin tener ning\u00fan inter\u00e9s por ello, as\u00ed que se convirtieron en \u201cobjetores escolares\u201d, que estaban ah\u00ed a la fuerza armando foll\u00f3n, impidiendo al resto avanzar. <\/p>\n<p>Por otro lado, al impedir que los profesores ejercieran una m\u00ednima disciplina, como expulsar al alumno, no se ense\u00f1\u00f3 a los chicos que sus actos tienen consecuencias, y se acostumbraron a la impunidad general. No aprendieron a resolverse la vida y ahora quieren que se la resuelvan los dem\u00e1s. <\/p>\n<p><strong>P: \u00bfHubo algo positivo en esta ley? <\/strong><\/p>\n<p>R: El gran logro de la LOGSE fue, seg\u00fan presum\u00edan los socialistas, que todos estuvieran escolarizados. Eso yo lo llamo el \u201cgran logro de ense\u00f1ar nada a todos\u201d. <\/p>\n<p><strong>P: \u00bfDe qu\u00e9 forma siente este \u201cdesastre\u201d, como profesor? <\/strong><\/p>\n<p>R: Nos han cambiado la profesi\u00f3n, no podemos ense\u00f1ar. Las clases medias se han ido masivamente a la ense\u00f1anza privada y concertada porque la p\u00fablica es desastrosa. Quien m\u00e1s ha beneficiado a la ense\u00f1anza privada en Espa\u00f1a han sido los socialistas. Y ahora lo que quieren hacer, en lugar de mejorar la ense\u00f1anza p\u00fablica, es poner grilletes a la concertada \u2013porque contra la privada no pueden hacer nada- para que el desastre se reparta por todas partes. <\/p>\n<p>Otros art\u00edculos de inter\u00e9s:<\/p>\n<ul>\n<li><a title=\"\u00bf Qu\u00e9 piden los manifestantes contra la LOE ?\" href=\"http:\/\/blogs.periodistadigital.com\/birmain5.php\/2005\/11\/12\/i_que_piden_los_manifestantes_contra_la\">\u00bf Qu\u00e9 piden los manifestantes contra la LOE ?<\/a><\/li>\n<li><a title=\"La socializaci\u00f3n de la ignorancia\" href=\"http:\/\/blogs.periodistadigital.com\/birmain5.php\/2005\/11\/11\/la_socializacion_de_la_ignorancia\">La socializaci\u00f3n de la ignorancia<\/a><\/li>\n<li>\n<div class=\"ln-SA\" id=\"story-titulo\"><a href=\"http:\/\/www.abc.es\/abc\/pg051111\/prensa\/noticias\/Sociedad\/Educacion\/200511\/11\/NAC-SOC-119.asp\">Espa\u00f1a tiene el tercer \u00edndice de fracaso escolar m\u00e1s elevado de la Uni\u00f3n Europea<\/a><\/div>\n<\/li>\n<\/ul>\n<p>El rapapolvo de Europa a Espa\u00f1a sobre las carencias y el fracaso acad\u00e9mico de nuestros\u00a0alumnos tendr\u00eda que hacer pensar a ZP y compa\u00f1ia\u00a0 que la educaci\u00f3n es un servicio p\u00fablico\u00a0y no una moneda de cambio pol\u00edtico\u00a0y le emplazo a que\u00a0sea capaz de\u00a0llegar de una vez por todas, a un consenso entre los grandes partidos mayoritarios escuchando m\u00e1s la voz de los profes que sufrimos tan pernicioso sistema educativo.<\/p>\n<p>Estamos hartos de asesores que en su puta vida han pisado un centro de ense\u00f1anza\u00a0as\u00ed como\u00a0de desertores de la tiza.<\/p>\n","protected":false},"excerpt":{"rendered":"<p>El problema de la LOE no es el tema de la religi\u00f3n como algunos quieren hacernos ver, el problema es que es m\u00e1s de lo mismo es decir\u00a0de LOGSE la cual\u00a0 ha llevado a nuestro sistema educativo a ser uno de los peores de Europa, el partido responsable del desastre es el PSOE sin lugar [&hellip;]<\/p>\n","protected":false},"author":1,"featured_media":0,"comment_status":"open","ping_status":"open","sticky":false,"template":"","format":"standard","meta":{"footnotes":""},"categories":[8],"tags":[],"class_list":["post-583","post","type-post","status-publish","format-standard","hentry","category-educacion_e_internet"],"_links":{"self":[{"href":"http:\/\/aula21.net\/aulablog21\/wp-json\/wp\/v2\/posts\/583","targetHints":{"allow":["GET"]}}],"collection":[{"href":"http:\/\/aula21.net\/aulablog21\/wp-json\/wp\/v2\/posts"}],"about":[{"href":"http:\/\/aula21.net\/aulablog21\/wp-json\/wp\/v2\/types\/post"}],"author":[{"embeddable":true,"href":"http:\/\/aula21.net\/aulablog21\/wp-json\/wp\/v2\/users\/1"}],"replies":[{"embeddable":true,"href":"http:\/\/aula21.net\/aulablog21\/wp-json\/wp\/v2\/comments?post=583"}],"version-history":[{"count":0,"href":"http:\/\/aula21.net\/aulablog21\/wp-json\/wp\/v2\/posts\/583\/revisions"}],"wp:attachment":[{"href":"http:\/\/aula21.net\/aulablog21\/wp-json\/wp\/v2\/media?parent=583"}],"wp:term":[{"taxonomy":"category","embeddable":true,"href":"http:\/\/aula21.net\/aulablog21\/wp-json\/wp\/v2\/categories?post=583"},{"taxonomy":"post_tag","embeddable":true,"href":"http:\/\/aula21.net\/aulablog21\/wp-json\/wp\/v2\/tags?post=583"}],"curies":[{"name":"wp","href":"https:\/\/api.w.org\/{rel}","templated":true}]}}