{"id":5858,"date":"2011-11-23T17:41:49","date_gmt":"2011-11-23T16:41:49","guid":{"rendered":"http:\/\/aula21.net\/aulablog21\/?p=5858"},"modified":"2011-11-23T17:42:31","modified_gmt":"2011-11-23T16:42:31","slug":"jornada-para-la-coordinacion-tic-en-secundaria-desde-las-tic-a-las-ciencias-y-tecnologias","status":"publish","type":"post","link":"http:\/\/aula21.net\/aulablog21\/archives\/2011\/11\/23\/jornada-para-la-coordinacion-tic-en-secundaria-desde-las-tic-a-las-ciencias-y-tecnologias\/","title":{"rendered":"Jornada para la Coordinaci\u00f3n TIC en Secundaria, \u00abDesde las TIC a las Ciencias y Tecnolog\u00edas\u00bb"},"content":{"rendered":"<p><a href=\"http:\/\/aula21.net\/aulablog21\/wp-content\/uploads\/2011\/11\/imagesss.jpg\"><img loading=\"lazy\" decoding=\"async\" class=\"alignleft size-full wp-image-5859\" style=\"margin-left: 7px; margin-right: 7px;\" title=\"imagesss\" src=\"http:\/\/aula21.net\/aulablog21\/wp-content\/uploads\/2011\/11\/imagesss.jpg\" alt=\"imagesss\" width=\"160\" height=\"120\" \/><\/a>El pr\u00f3ximo 30 de noviembre se celebraran en el Palacio de Congresos de M\u00e9rida una <strong>Jornada para la Coordinaci\u00f3n TIC en Secundaria, titulada Desde las TIC a las Ciencias y Tecnolog\u00edas de la Educaci\u00f3n (CTE)<\/strong>.  Si quereis consultar el d\u00edptico y inscribiros en estas jornadas lo  pode\u00eds realizar a trav\u00e9s de la p\u00e1gina que se ha creado en Educarex: <a href=\"http:\/\/educarex.es\/jornadastic\/\">http:\/\/educarex.es\/jornadastic\/<\/a>.<\/p>\n","protected":false},"excerpt":{"rendered":"<p>El pr\u00f3ximo 30 de noviembre se celebraran en el Palacio de Congresos de M\u00e9rida una Jornada para la Coordinaci\u00f3n TIC en Secundaria, titulada Desde las TIC a las Ciencias y Tecnolog\u00edas de la Educaci\u00f3n (CTE). Si quereis consultar el d\u00edptico y inscribiros en estas jornadas lo pode\u00eds realizar a trav\u00e9s de la p\u00e1gina que se [&hellip;]<\/p>\n","protected":false},"author":1,"featured_media":0,"comment_status":"open","ping_status":"open","sticky":false,"template":"","format":"standard","meta":{"footnotes":""},"categories":[25,38],"tags":[],"class_list":["post-5858","post","type-post","status-publish","format-standard","hentry","category-eventos","category-formacion"],"_links":{"self":[{"href":"http:\/\/aula21.net\/aulablog21\/wp-json\/wp\/v2\/posts\/5858","targetHints":{"allow":["GET"]}}],"collection":[{"href":"http:\/\/aula21.net\/aulablog21\/wp-json\/wp\/v2\/posts"}],"about":[{"href":"http:\/\/aula21.net\/aulablog21\/wp-json\/wp\/v2\/types\/post"}],"author":[{"embeddable":true,"href":"http:\/\/aula21.net\/aulablog21\/wp-json\/wp\/v2\/users\/1"}],"replies":[{"embeddable":true,"href":"http:\/\/aula21.net\/aulablog21\/wp-json\/wp\/v2\/comments?post=5858"}],"version-history":[{"count":0,"href":"http:\/\/aula21.net\/aulablog21\/wp-json\/wp\/v2\/posts\/5858\/revisions"}],"wp:attachment":[{"href":"http:\/\/aula21.net\/aulablog21\/wp-json\/wp\/v2\/media?parent=5858"}],"wp:term":[{"taxonomy":"category","embeddable":true,"href":"http:\/\/aula21.net\/aulablog21\/wp-json\/wp\/v2\/categories?post=5858"},{"taxonomy":"post_tag","embeddable":true,"href":"http:\/\/aula21.net\/aulablog21\/wp-json\/wp\/v2\/tags?post=5858"}],"curies":[{"name":"wp","href":"https:\/\/api.w.org\/{rel}","templated":true}]}}