{"id":587,"date":"2005-11-16T20:26:09","date_gmt":"2005-11-16T19:26:09","guid":{"rendered":"http:\/\/127.0.0.1\/wordpress2\/index.php\/archives\/2005\/11\/16\/blogfesores-and-beer-y-lo-que-se-tercie\/"},"modified":"2005-11-16T21:29:17","modified_gmt":"2005-11-16T20:29:17","slug":"blogfesores-and-beer-y-lo-que-se-tercie","status":"publish","type":"post","link":"http:\/\/aula21.net\/aulablog21\/archives\/2005\/11\/16\/blogfesores-and-beer-y-lo-que-se-tercie\/","title":{"rendered":"Blogfesores and beers y lo que se tercie&#8230;"},"content":{"rendered":"<p><font color=\"#0014a6\"><img loading=\"lazy\" decoding=\"async\" height=\"276\" hspace=\"0\" src=\"http:\/\/www.lbarroso.com\/downloads\/Imagenes\/postal2.PNG\" width=\"301\" align=\"left\" border=\"0\" \/>Lourdes Barroso<\/font> y <a href=\"http:\/\/fresno.cnice.mecd.es\/~avaler3\/\" target=\"_blank\"><font color=\"#0014a6\">Alejandro Valero<\/font><\/a> promueven la celebraci\u00f3n en Madrid del primer encuentro de blogfesores.<\/p>\n<p>Si eres un <a href=\"http:\/\/www.vidadigital.net\/blog\/2005\/10\/02\/soy-un-blogfesor\/\">blogfesor<\/a> de pro cosa que podras comprobar <a href=\"http:\/\/fresno.cnice.mecd.es\/~avaler3\/?id=el-test-del-buen-blogfesor\">realizando este test<\/a> no faltes a la cita, para m\u00e1s informaci\u00f3n <a href=\"http:\/\/www.palimpalem.com\/1\/Blogfesores-en-Madrid\/\">visita la p\u00e1gina web del encuentro <\/a>.<\/p>\n<p>Parece ser que ser\u00e1 el primer fin de semana de Diciembre en la capital de Espa\u00f1a.<\/p>\n<p>Yo har\u00e9 todo lo posible por asistir, me voy a apuntar ahora mismo.<\/p>\n<p>P.D. Se expedir\u00e1 un certificado v\u00e1lido para todo el estado espa\u00f1ol de 1 cr\u00e9dito equivalente a 10 horas lo cual es de agradecer para concursos, oposiciones, sexenios\u00a0etc, en caso de acertar <a href=\"http:\/\/fresno.cnice.mecd.es\/~avaler3\/?id=el-test-del-buen-blogfesor\">la pregunta n\u00famero 6 del cuestionario<\/a> el certificado ser\u00e1 de 2 cr\u00e9ditos. La pregunta en cu\u00e9sti\u00f3n es:<\/p>\n<p>6. Son las once de la noche. Tu pareja te dice: &quot;Cari\u00f1o, vamos a la cama a hacer eso que t\u00fa sabes&quot;. \u00bfQu\u00e9 haces?<\/p>\n","protected":false},"excerpt":{"rendered":"<p>Lourdes Barroso y Alejandro Valero promueven la celebraci\u00f3n en Madrid del primer encuentro de blogfesores. Si eres un blogfesor de pro cosa que podras comprobar realizando este test no faltes a la cita, para m\u00e1s informaci\u00f3n visita la p\u00e1gina web del encuentro . Parece ser que ser\u00e1 el primer fin de semana de Diciembre en [&hellip;]<\/p>\n","protected":false},"author":1,"featured_media":0,"comment_status":"open","ping_status":"open","sticky":false,"template":"","format":"standard","meta":{"footnotes":""},"categories":[2],"tags":[],"class_list":["post-587","post","type-post","status-publish","format-standard","hentry","category-weblogs_en_el_aula"],"_links":{"self":[{"href":"http:\/\/aula21.net\/aulablog21\/wp-json\/wp\/v2\/posts\/587","targetHints":{"allow":["GET"]}}],"collection":[{"href":"http:\/\/aula21.net\/aulablog21\/wp-json\/wp\/v2\/posts"}],"about":[{"href":"http:\/\/aula21.net\/aulablog21\/wp-json\/wp\/v2\/types\/post"}],"author":[{"embeddable":true,"href":"http:\/\/aula21.net\/aulablog21\/wp-json\/wp\/v2\/users\/1"}],"replies":[{"embeddable":true,"href":"http:\/\/aula21.net\/aulablog21\/wp-json\/wp\/v2\/comments?post=587"}],"version-history":[{"count":0,"href":"http:\/\/aula21.net\/aulablog21\/wp-json\/wp\/v2\/posts\/587\/revisions"}],"wp:attachment":[{"href":"http:\/\/aula21.net\/aulablog21\/wp-json\/wp\/v2\/media?parent=587"}],"wp:term":[{"taxonomy":"category","embeddable":true,"href":"http:\/\/aula21.net\/aulablog21\/wp-json\/wp\/v2\/categories?post=587"},{"taxonomy":"post_tag","embeddable":true,"href":"http:\/\/aula21.net\/aulablog21\/wp-json\/wp\/v2\/tags?post=587"}],"curies":[{"name":"wp","href":"https:\/\/api.w.org\/{rel}","templated":true}]}}