{"id":5888,"date":"2011-12-03T20:04:19","date_gmt":"2011-12-03T19:04:19","guid":{"rendered":"http:\/\/aula21.net\/aulablog21\/?p=5888"},"modified":"2011-12-07T13:03:06","modified_gmt":"2011-12-07T12:03:06","slug":"ha-nacido-planeta-educarex-el-punto-de-encuentro-de-los-blogs-educativos-extremenos","status":"publish","type":"post","link":"http:\/\/aula21.net\/aulablog21\/archives\/2011\/12\/03\/ha-nacido-planeta-educarex-el-punto-de-encuentro-de-los-blogs-educativos-extremenos\/","title":{"rendered":"Ha nacido Planeta EducarEX el punto de encuentro de los blogs educativos extreme\u00f1os"},"content":{"rendered":"<p><!--adsense--><br \/>\nEl 30 de noviembre tuvo lugar en\u00a0Merida\u00a0la\u00a0<a href=\"http:\/\/www.educarex.es\/web\/guest\/profesorado?p_p_id=educarexAvisos&amp;p_p_lifecycle=0&amp;p_p_state=normal&amp;p_p_mode=view&amp;p_p_col_id=column-2&amp;p_p_col_count=3&amp;_educarexAvisos_struts_action=%2Fext%2Favisos%2Fpreview_entry_nuevo&amp;_educarexAvisos_entryId=30218849\" target=\"_blank\">Jornada para la Coordinaci\u00f3n TIC <\/a> que fue inaugurada por\u00a0la Consejera de Educaci\u00f3n y Cultura del Gobierno de Extremadura. Entre otras novedades se present\u00f3 el  <a href=\"http:\/\/enmarchaconlastic.educarex.es\/planetaeducarex\/\">Planeta de Blogs Educativos Extreme\u00f1os (Planeta EducarEX)<\/a> del que soy coordinador.<br \/>\nEs fruto de un trabajo colaborativo del <a href=\"http:\/\/enmarchaconlastic.educarex.es\/equipo\/\">Grupo de Software Educativo de Extremadura<\/a>, del que formo parte desde septiembre.<\/p>\n<p style=\"text-align: center;\"><a href=\"http:\/\/enmarchaconlastic.educarex.es\/planetaeducarex\/\" target=\"_blank\"><img loading=\"lazy\" decoding=\"async\" class=\"aligncenter size-full wp-image-5889\" title=\"planetaeducarEX\" src=\"http:\/\/aula21.net\/aulablog21\/wp-content\/uploads\/2011\/12\/planetaeducarEX.jpg\" alt=\"planetaeducarEX\" width=\"518\" height=\"193\" srcset=\"http:\/\/aula21.net\/aulablog21\/wp-content\/uploads\/2011\/12\/planetaeducarEX.jpg 926w, http:\/\/aula21.net\/aulablog21\/wp-content\/uploads\/2011\/12\/planetaeducarEX-300x112.jpg 300w, http:\/\/aula21.net\/aulablog21\/wp-content\/uploads\/2011\/12\/planetaeducarEX-768x286.jpg 768w\" sizes=\"auto, (max-width: 518px) 100vw, 518px\" \/><\/a><\/p>\n<p>En el mismo tienen cabida todos los blogs extreme\u00f1os de car\u00e1cter educativo o vinculados al mundo de la educaci\u00f3n. Puede ser un blog de aula, de centro , vinculado a un determinado proyecto, pero tambi\u00e9n un blog personal en el que un docente proponga recursos, aborde asuntos vinculados con la educaci\u00f3n, etc<\/p>\n<p>Hay ya m\u00e1s de 110 blogs inscritos, <a href=\"http:\/\/enmarchaconlastic.educarex.es\/planetaeducarex\/?page_id=2\" target=\"_blank\">rellenando un simple formulario<\/a> el tuyo tambi\u00e9n puede formar parte del mismo<\/p>\n<p><a href=\"http:\/\/enmarchaconlastic.educarex.es\/2011\/12\/01\/planeta-educarex-un-punto-de-encuentro-de-los-blogs-educativos-extremenos\/\" target=\"_blank\">Leer noticia completa en la nueva etapa de En Marcha con las TIC<\/a><\/p>\n","protected":false},"excerpt":{"rendered":"<p>El 30 de noviembre tuvo lugar en\u00a0Merida\u00a0la\u00a0Jornada para la Coordinaci\u00f3n TIC que fue inaugurada por\u00a0la Consejera de Educaci\u00f3n y Cultura del Gobierno de Extremadura. Entre otras novedades se present\u00f3 el Planeta de Blogs Educativos Extreme\u00f1os (Planeta EducarEX) del que soy coordinador. Es fruto de un trabajo colaborativo del Grupo de Software Educativo de Extremadura, del [&hellip;]<\/p>\n","protected":false},"author":1,"featured_media":0,"comment_status":"open","ping_status":"open","sticky":false,"template":"","format":"standard","meta":{"footnotes":""},"categories":[1,28,2],"tags":[],"class_list":["post-5888","post","type-post","status-publish","format-standard","hentry","category-miscelanea","category-web20","category-weblogs_en_el_aula"],"_links":{"self":[{"href":"http:\/\/aula21.net\/aulablog21\/wp-json\/wp\/v2\/posts\/5888","targetHints":{"allow":["GET"]}}],"collection":[{"href":"http:\/\/aula21.net\/aulablog21\/wp-json\/wp\/v2\/posts"}],"about":[{"href":"http:\/\/aula21.net\/aulablog21\/wp-json\/wp\/v2\/types\/post"}],"author":[{"embeddable":true,"href":"http:\/\/aula21.net\/aulablog21\/wp-json\/wp\/v2\/users\/1"}],"replies":[{"embeddable":true,"href":"http:\/\/aula21.net\/aulablog21\/wp-json\/wp\/v2\/comments?post=5888"}],"version-history":[{"count":0,"href":"http:\/\/aula21.net\/aulablog21\/wp-json\/wp\/v2\/posts\/5888\/revisions"}],"wp:attachment":[{"href":"http:\/\/aula21.net\/aulablog21\/wp-json\/wp\/v2\/media?parent=5888"}],"wp:term":[{"taxonomy":"category","embeddable":true,"href":"http:\/\/aula21.net\/aulablog21\/wp-json\/wp\/v2\/categories?post=5888"},{"taxonomy":"post_tag","embeddable":true,"href":"http:\/\/aula21.net\/aulablog21\/wp-json\/wp\/v2\/tags?post=5888"}],"curies":[{"name":"wp","href":"https:\/\/api.w.org\/{rel}","templated":true}]}}