{"id":589,"date":"2005-11-17T18:49:56","date_gmt":"2005-11-17T17:49:56","guid":{"rendered":"http:\/\/127.0.0.1\/wordpress2\/index.php\/archives\/2005\/11\/17\/libro-blanco-critica-linux-autonomicos\/"},"modified":"2005-11-17T20:09:27","modified_gmt":"2005-11-17T19:09:27","slug":"libro-blanco-critica-linux-autonomicos","status":"publish","type":"post","link":"http:\/\/aula21.net\/aulablog21\/archives\/2005\/11\/17\/libro-blanco-critica-linux-autonomicos\/","title":{"rendered":"Libro blanco critica Linux auton\u00f3micos"},"content":{"rendered":"<p><a href=\"http:\/\/www.libroblanco.com\/html\/index.php\">El Libro Blanco <\/a>del Software Libre critica la divisi\u00f3n de los Linux auton\u00f3micos como <a href=\"http:\/\/www.elpais.es\/articulo\/elpportec\/20051117elpcibenr_3\/Tes\/\">podemos leer en El Pa\u00eds<\/a>. Hace alg\u00fan tiempo critiqu\u00e9 yo lo mismo <a href=\"\/aulablog21\/index.php\/archives\/2005\/01\/19\/el-gobierno-coordinara-las-versiones-de-gnulinux\/\">en este art\u00edculo.<\/a><br \/>Alberto Abella, coordinador del segundo Libro Blanco del Software Libre escribe:<\/p>\n<p style=\"FONT-STYLE: italic\">Si en Extremadura tienen sus Linex, Andaluc\u00eda su Guadalinex, y la Comunidad Valenciana, su Lliurex, Euskadi el onomatop\u00e9yico Ehux; en Madrid se llama MaX; en Catalu\u00f1a, Catix; en Zaragoza, Augustus y en Castilla-La Mancha, c\u00f3mo no, se llama Molinux&#8230;<\/p>\n<p style=\"FONT-STYLE: italic\">&quot;Por desgracia, lo que comenz\u00f3 como una iniciativa coordinada se ha disgregado y b\u00e1sicamente cada comunidad aut\u00f3noma, ayuntamiento, universidad&#8230; va por libre&quot;.<\/p>\n<p><\/p>\n","protected":false},"excerpt":{"rendered":"<p>El Libro Blanco del Software Libre critica la divisi\u00f3n de los Linux auton\u00f3micos como podemos leer en El Pa\u00eds. Hace alg\u00fan tiempo critiqu\u00e9 yo lo mismo en este art\u00edculo.Alberto Abella, coordinador del segundo Libro Blanco del Software Libre escribe: Si en Extremadura tienen sus Linex, Andaluc\u00eda su Guadalinex, y la Comunidad Valenciana, su Lliurex, Euskadi [&hellip;]<\/p>\n","protected":false},"author":1,"featured_media":0,"comment_status":"open","ping_status":"open","sticky":false,"template":"","format":"standard","meta":{"footnotes":""},"categories":[4],"tags":[],"class_list":["post-589","post","type-post","status-publish","format-standard","hentry","category-gnulinux"],"_links":{"self":[{"href":"http:\/\/aula21.net\/aulablog21\/wp-json\/wp\/v2\/posts\/589","targetHints":{"allow":["GET"]}}],"collection":[{"href":"http:\/\/aula21.net\/aulablog21\/wp-json\/wp\/v2\/posts"}],"about":[{"href":"http:\/\/aula21.net\/aulablog21\/wp-json\/wp\/v2\/types\/post"}],"author":[{"embeddable":true,"href":"http:\/\/aula21.net\/aulablog21\/wp-json\/wp\/v2\/users\/1"}],"replies":[{"embeddable":true,"href":"http:\/\/aula21.net\/aulablog21\/wp-json\/wp\/v2\/comments?post=589"}],"version-history":[{"count":0,"href":"http:\/\/aula21.net\/aulablog21\/wp-json\/wp\/v2\/posts\/589\/revisions"}],"wp:attachment":[{"href":"http:\/\/aula21.net\/aulablog21\/wp-json\/wp\/v2\/media?parent=589"}],"wp:term":[{"taxonomy":"category","embeddable":true,"href":"http:\/\/aula21.net\/aulablog21\/wp-json\/wp\/v2\/categories?post=589"},{"taxonomy":"post_tag","embeddable":true,"href":"http:\/\/aula21.net\/aulablog21\/wp-json\/wp\/v2\/tags?post=589"}],"curies":[{"name":"wp","href":"https:\/\/api.w.org\/{rel}","templated":true}]}}