{"id":5900,"date":"2011-12-14T16:44:36","date_gmt":"2011-12-14T15:44:36","guid":{"rendered":"http:\/\/aula21.net\/aulablog21\/?p=5900"},"modified":"2011-12-14T17:05:07","modified_gmt":"2011-12-14T16:05:07","slug":"usa-el-coco","status":"publish","type":"post","link":"http:\/\/aula21.net\/aulablog21\/archives\/2011\/12\/14\/usa-el-coco\/","title":{"rendered":"Usa el coco"},"content":{"rendered":"<p><!--adsense--><br \/>\n<a href=\"http:\/\/www.usaelcoco.tv\/\">La campa\u00f1a de \u00abusa el coco\u00bb <\/a>se emitir\u00e1 en salas 159 salas digitales 3D a nivel nacional en un total de 18 provincias tendr\u00e1 una duraci\u00f3n total de 4 meses, coincidiendo con las campa\u00f1as de navidad (noviembre-diciembre) y de los Goya (febrero-marzo 2012).<br \/>\nSe han ideado tres cortos de dibujos animados que tienen lugar en una remota isla donde los protagonistas, en clave de humor, muestran c\u00f3mo la creatividad y la innovaci\u00f3n son herramientas al alcance de todos que bien aplicadas pueden dar soluci\u00f3n a casi todos los problemas.<br \/>\nUno de ellos es este:<br \/>\n<iframe loading=\"lazy\" src=\"http:\/\/player.vimeo.com\/video\/31502592?title=0&amp;byline=0&amp;portrait=0\" width=\"400\" height=\"170\" frameborder=\"0\" webkitAllowFullScreen mozallowfullscreen allowFullScreen><\/iframe><\/p>\n<p><a href=\"http:\/\/vimeo.com\/31502592\">Me gustan las bananas &#8211; Usa el Coco<\/a> from <a href=\"http:\/\/vimeo.com\/hampastudio\">HAMPA STUDIO<\/a> on <a href=\"http:\/\/vimeo.com\">Vimeo<\/a>.<\/p>\n<p>Los objetivos principales de este proyecto son promover la innovaci\u00f3n como herramienta para el desarrollo y crecimiento econ\u00f3mico, alimentar la cultura innovadora en la sociedad, valorar la ciencia y la tecnolog\u00eda y resaltar la importancia de estos valores en la sociedad actual.<br \/>\nHa sidoi inanciada por<a href=\"http:\/\/www.fecyt.es\/fecyt\/\"> la Fundaci\u00f3n Espa\u00f1ola para la Ciencia y la Tecnolog\u00eda (FECYT<\/a>) y el Ministerio de Ciencia e Innovaci\u00f3n<\/p>\n","protected":false},"excerpt":{"rendered":"<p>La campa\u00f1a de \u00abusa el coco\u00bb se emitir\u00e1 en salas 159 salas digitales 3D a nivel nacional en un total de 18 provincias tendr\u00e1 una duraci\u00f3n total de 4 meses, coincidiendo con las campa\u00f1as de navidad (noviembre-diciembre) y de los Goya (febrero-marzo 2012). Se han ideado tres cortos de dibujos animados que tienen lugar en [&hellip;]<\/p>\n","protected":false},"author":1,"featured_media":0,"comment_status":"open","ping_status":"open","sticky":false,"template":"","format":"standard","meta":{"footnotes":""},"categories":[14,20],"tags":[],"class_list":["post-5900","post","type-post","status-publish","format-standard","hentry","category-recursos-variados","category-video"],"_links":{"self":[{"href":"http:\/\/aula21.net\/aulablog21\/wp-json\/wp\/v2\/posts\/5900","targetHints":{"allow":["GET"]}}],"collection":[{"href":"http:\/\/aula21.net\/aulablog21\/wp-json\/wp\/v2\/posts"}],"about":[{"href":"http:\/\/aula21.net\/aulablog21\/wp-json\/wp\/v2\/types\/post"}],"author":[{"embeddable":true,"href":"http:\/\/aula21.net\/aulablog21\/wp-json\/wp\/v2\/users\/1"}],"replies":[{"embeddable":true,"href":"http:\/\/aula21.net\/aulablog21\/wp-json\/wp\/v2\/comments?post=5900"}],"version-history":[{"count":0,"href":"http:\/\/aula21.net\/aulablog21\/wp-json\/wp\/v2\/posts\/5900\/revisions"}],"wp:attachment":[{"href":"http:\/\/aula21.net\/aulablog21\/wp-json\/wp\/v2\/media?parent=5900"}],"wp:term":[{"taxonomy":"category","embeddable":true,"href":"http:\/\/aula21.net\/aulablog21\/wp-json\/wp\/v2\/categories?post=5900"},{"taxonomy":"post_tag","embeddable":true,"href":"http:\/\/aula21.net\/aulablog21\/wp-json\/wp\/v2\/tags?post=5900"}],"curies":[{"name":"wp","href":"https:\/\/api.w.org\/{rel}","templated":true}]}}