{"id":592,"date":"2005-11-18T18:22:09","date_gmt":"2005-11-18T17:22:09","guid":{"rendered":"http:\/\/127.0.0.1\/wordpress2\/index.php\/archives\/2005\/11\/18\/analfabetos-en-la-blogosfera\/"},"modified":"2005-11-18T18:22:09","modified_gmt":"2005-11-18T17:22:09","slug":"analfabetos-en-la-blogosfera","status":"publish","type":"post","link":"http:\/\/aula21.net\/aulablog21\/archives\/2005\/11\/18\/analfabetos-en-la-blogosfera\/","title":{"rendered":"Analfabetos en la blogosfera"},"content":{"rendered":"<p><a href=\"http:\/\/www.abc.es\/opinion\/index.asp?ff=20051117&#038;idn=712351904790\">Art\u00edculo <\/a>de Eduardo San Mart\u00edn publicado en ABC.<\/p>\n<p \/>\n<p \/>\n<blockquote><p>LA rebeli\u00f3n de los barrios franceses emite con destino a Espa\u00f1a un aviso para navegantes al que no conviene hacer o\u00eddos sordos. Se trata de una llamada de alerta no (o no s\u00f3lo) sobre el proceloso mundo de la inmigraci\u00f3n, que es la primera asociaci\u00f3n de ideas que a uno le viene a la cabeza si se considera el valor de precedente que tiene para nosotros todo lo que ocurre en otros pa\u00edses europeos que est\u00e1n de vuelta en la gesti\u00f3n de un fen\u00f3meno sobre el que nos llevan algunos a\u00f1os de ventaja. Tarde o temprano, nuestro pa\u00eds tendr\u00e1 que mirar de frente a los aspectos m\u00e1s \u00e1speros de un cambio social profundo del que ahora apreciamos apenas sus contornos menos espinosos. Y ser\u00e1 bueno que aprendamos desde ya hacia qu\u00e9 territorios ingobernables conducen determinadas pol\u00edticas de integraci\u00f3n sustentadas en un chorreo inagotable de dinero que, en buena medida, han producido el efecto perverso de consolidar unos guetos urbanos tercermundistas y unas escalas sociales casi impermeables.<\/p>\n<p>Pero la lecci\u00f3n que hoy nos viene de los suburbios franceses ata\u00f1e a una deuda cuyo vencimiento es m\u00e1s inmediato y sobre la que Espa\u00f1a no puede permitirse m\u00e1s fallidos. En el diagn\u00f3stico que un respetable n\u00famero de intelectuales franceses han elaborado sobre las causas de la ola de violencia que est\u00e1 asolando sus ciudades (por cierto, chapeau para una clase pensante a la que no le paraliza una galbana m\u00e1s bien sospechosa cuando hay que lanzarse al ruedo de la realidad para torear miuras de ese trap\u00edo), muchos de ellos coinciden en se\u00f1alar al colapso de su sistema educativo, espejo en el que muchos otros pa\u00edses se han mirado durante tanto tiempo y por tantos conceptos, como uno de los factores que est\u00e1n en el origen del \u00abnihilismo de una juventud aculturada y desesperada\u00bb, por ponerlo en las palabras que utilizaba Nicol\u00e1s Baverez en su espl\u00e9ndida Tercera del martes.<\/p>\n<p>Algunos prefieren analizar exclusivamente la manifestaci\u00f3n del s\u00e1bado en t\u00e9rminos de \u00abguerra de religi\u00f3n\u00bb. Sospecho que no todos los asistentes se mov\u00edan al comp\u00e1s de las sotanas. Pero, aunque as\u00ed fuera, muchos m\u00e1s padres que no salieron ese d\u00eda a la calle empiezan a escandalizarse con la instrumentaci\u00f3n partidista de un derecho nuclear para el futuro de cualquier sociedad. En Espa\u00f1a el fracaso escolar alcanza casi a uno de cada tres estudiantes y, mientras tenemos el porcentaje de universitarios m\u00e1s alto de Europa, la formaci\u00f3n profesional no acaba de arrancar porque el sistema se empecina, en virtud de un igualitarismo bastante caduco, en impartir a todos nuestros adolescentes exactamente la misma educaci\u00f3n, valgan o no valgan para ello. Y todo para crear una casta de analfabetos con t\u00edtulo (seg\u00fan estudios como el informe Pisa) que, a falta de trabajo pero con un gran dominio de lo \u00faltimo en internet, pueden prender la mecha de la pr\u00f3xima revuelta propagada a trav\u00e9s de la blogosfera.\n<\/p><\/blockquote><\/p>\n","protected":false},"excerpt":{"rendered":"<p>Art\u00edculo de Eduardo San Mart\u00edn publicado en ABC. LA rebeli\u00f3n de los barrios franceses emite con destino a Espa\u00f1a un aviso para navegantes al que no conviene hacer o\u00eddos sordos. Se trata de una llamada de alerta no (o no s\u00f3lo) sobre el proceloso mundo de la inmigraci\u00f3n, que es la primera asociaci\u00f3n de ideas [&hellip;]<\/p>\n","protected":false},"author":1,"featured_media":0,"comment_status":"open","ping_status":"open","sticky":false,"template":"","format":"standard","meta":{"footnotes":""},"categories":[8],"tags":[],"class_list":["post-592","post","type-post","status-publish","format-standard","hentry","category-educacion_e_internet"],"_links":{"self":[{"href":"http:\/\/aula21.net\/aulablog21\/wp-json\/wp\/v2\/posts\/592","targetHints":{"allow":["GET"]}}],"collection":[{"href":"http:\/\/aula21.net\/aulablog21\/wp-json\/wp\/v2\/posts"}],"about":[{"href":"http:\/\/aula21.net\/aulablog21\/wp-json\/wp\/v2\/types\/post"}],"author":[{"embeddable":true,"href":"http:\/\/aula21.net\/aulablog21\/wp-json\/wp\/v2\/users\/1"}],"replies":[{"embeddable":true,"href":"http:\/\/aula21.net\/aulablog21\/wp-json\/wp\/v2\/comments?post=592"}],"version-history":[{"count":0,"href":"http:\/\/aula21.net\/aulablog21\/wp-json\/wp\/v2\/posts\/592\/revisions"}],"wp:attachment":[{"href":"http:\/\/aula21.net\/aulablog21\/wp-json\/wp\/v2\/media?parent=592"}],"wp:term":[{"taxonomy":"category","embeddable":true,"href":"http:\/\/aula21.net\/aulablog21\/wp-json\/wp\/v2\/categories?post=592"},{"taxonomy":"post_tag","embeddable":true,"href":"http:\/\/aula21.net\/aulablog21\/wp-json\/wp\/v2\/tags?post=592"}],"curies":[{"name":"wp","href":"https:\/\/api.w.org\/{rel}","templated":true}]}}