{"id":5941,"date":"2011-12-23T12:08:53","date_gmt":"2011-12-23T11:08:53","guid":{"rendered":"http:\/\/aula21.net\/aulablog21\/?p=5941"},"modified":"2011-12-23T12:10:52","modified_gmt":"2011-12-23T11:10:52","slug":"bienvenido-al-banco-de-fotos-de-la-unesco","status":"publish","type":"post","link":"http:\/\/aula21.net\/aulablog21\/archives\/2011\/12\/23\/bienvenido-al-banco-de-fotos-de-la-unesco\/","title":{"rendered":"Bienvenido al banco de fotos de la UNESCO"},"content":{"rendered":"<p><!--adsense--><\/p>\n<p><a href=\"http:\/\/photobank.unesco.org\/exec\/index.htm?lang=es\" target=\"_blank\"><img loading=\"lazy\" decoding=\"async\" class=\"aligncenter size-full wp-image-5942\" title=\"Captura de pantalla 2011-12-23 a la(s) 12.04.55\" src=\"http:\/\/aula21.net\/aulablog21\/wp-content\/uploads\/2011\/12\/Captura-de-pantalla-2011-12-23-a-las-12.04.55.png\" alt=\"Captura de pantalla 2011-12-23 a la(s) 12.04.55\" width=\"518\" height=\"275\" srcset=\"http:\/\/aula21.net\/aulablog21\/wp-content\/uploads\/2011\/12\/Captura-de-pantalla-2011-12-23-a-las-12.04.55.png 864w, http:\/\/aula21.net\/aulablog21\/wp-content\/uploads\/2011\/12\/Captura-de-pantalla-2011-12-23-a-las-12.04.55-300x159.png 300w, http:\/\/aula21.net\/aulablog21\/wp-content\/uploads\/2011\/12\/Captura-de-pantalla-2011-12-23-a-las-12.04.55-768x408.png 768w\" sizes=\"auto, (max-width: 518px) 100vw, 518px\" \/><\/a><span style=\"font-size: small; font-weight: bold; color: #cc5302; font-family: Arial, Helvetica, sans-serif; line-height: normal; text-align: left;\">Las fotos est\u00e1n clasificadas por temas<\/span><span style=\"color: #666666; font-family: Arial, Helvetica, sans-serif; line-height: normal; text-align: left; font-size: small;\"> educaci\u00f3n, ciencias exactas, ciencias sociales, cultura y comunicaci\u00f3n. El tema \u00abUNESCO\u00bb comprende todas las fotograf\u00edas hechas en la Sede, las Oficinas fuera de la Sede y los Institutos de la Organizaci\u00f3n en el mundo entero. El material de la colecci\u00f3n, que es contempor\u00e1neo e hist\u00f3rico a la vez, se ha ido acopiando a lo largo de los a\u00f1os de existencia de la Organizaci\u00f3n. Las primeras im\u00e1genes se remontan a 1945, a\u00f1o de fundaci\u00f3n de la UNESCO. La colecci\u00f3n se enriquece continuamente con nuevas fotos.<\/span><\/p>\n","protected":false},"excerpt":{"rendered":"<p>Las fotos est\u00e1n clasificadas por temas educaci\u00f3n, ciencias exactas, ciencias sociales, cultura y comunicaci\u00f3n. El tema \u00abUNESCO\u00bb comprende todas las fotograf\u00edas hechas en la Sede, las Oficinas fuera de la Sede y los Institutos de la Organizaci\u00f3n en el mundo entero. El material de la colecci\u00f3n, que es contempor\u00e1neo e hist\u00f3rico a la vez, se [&hellip;]<\/p>\n","protected":false},"author":1,"featured_media":0,"comment_status":"open","ping_status":"open","sticky":false,"template":"","format":"standard","meta":{"footnotes":""},"categories":[14],"tags":[],"class_list":["post-5941","post","type-post","status-publish","format-standard","hentry","category-recursos-variados"],"_links":{"self":[{"href":"http:\/\/aula21.net\/aulablog21\/wp-json\/wp\/v2\/posts\/5941","targetHints":{"allow":["GET"]}}],"collection":[{"href":"http:\/\/aula21.net\/aulablog21\/wp-json\/wp\/v2\/posts"}],"about":[{"href":"http:\/\/aula21.net\/aulablog21\/wp-json\/wp\/v2\/types\/post"}],"author":[{"embeddable":true,"href":"http:\/\/aula21.net\/aulablog21\/wp-json\/wp\/v2\/users\/1"}],"replies":[{"embeddable":true,"href":"http:\/\/aula21.net\/aulablog21\/wp-json\/wp\/v2\/comments?post=5941"}],"version-history":[{"count":0,"href":"http:\/\/aula21.net\/aulablog21\/wp-json\/wp\/v2\/posts\/5941\/revisions"}],"wp:attachment":[{"href":"http:\/\/aula21.net\/aulablog21\/wp-json\/wp\/v2\/media?parent=5941"}],"wp:term":[{"taxonomy":"category","embeddable":true,"href":"http:\/\/aula21.net\/aulablog21\/wp-json\/wp\/v2\/categories?post=5941"},{"taxonomy":"post_tag","embeddable":true,"href":"http:\/\/aula21.net\/aulablog21\/wp-json\/wp\/v2\/tags?post=5941"}],"curies":[{"name":"wp","href":"https:\/\/api.w.org\/{rel}","templated":true}]}}