{"id":595,"date":"2005-11-20T11:12:46","date_gmt":"2005-11-20T10:12:46","guid":{"rendered":"http:\/\/127.0.0.1\/wordpress2\/index.php\/archives\/2005\/11\/20\/ana-y-mia-lucha-contra-la-anaorexia-y-bulimia\/"},"modified":"2005-12-14T10:41:54","modified_gmt":"2005-12-14T09:41:54","slug":"ana-y-mia-lucha-contra-la-anaorexia-y-bulimia","status":"publish","type":"post","link":"http:\/\/aula21.net\/aulablog21\/archives\/2005\/11\/20\/ana-y-mia-lucha-contra-la-anaorexia-y-bulimia\/","title":{"rendered":"Ana y Mia. Lucha contra la anorexia y bulimia"},"content":{"rendered":"<p>Hace unos d\u00edas descubr\u00ed que un blog titulado <a href=\"http:\/\/mifune.blogs.com\/anamia\/\">Ana y Mia<\/a> ten\u00eda un enlace hacia mi web. El enlace en cuesti\u00f3n es al art\u00edculo  <a href=\"\/segunda\/articuloanorexia.htm\" title=\"Padre y profesor de instituto\">&quot;La prevenci\u00f3n es la clave&quot; de Francisco Mu\u00f1oz de la Pe\u00f1a<\/a> que apareci\u00f3 en Enero de 2002 en <a href=\"http:\/\/www.juntaex.es\/consejerias\/edu\/gaceta\/612002\/reportaje.html\">La Gaceta de la Educaci\u00f3n<\/a>.<\/p>\n<p><a href=\"\/segunda\/nutriweb.htm\">La alimentaci\u00f3n y la salud<\/a> fue el primer trabajo que yo realice en forma de p\u00e1ginas web, con el que me inici\u00e9 en este mundillo y aprend\u00ed un mont\u00f3n de cosas, Una idea fundamental que subyace en <a href=\"\/Nutriweb\/pagmarco.htm\">Nutriweb<\/a> es intentar prevenir en lo posible en nuestros alumnos dos de las  enfermedades a las que m\u00e1s atenci\u00f3n se les ha dedicado en las \u00faltimas d\u00e9cadas: LA ANOREXIA Y LA BULIMIA. y ese es tambi\u00e9n el objetivo que tiene el blog grupal <a href=\"http:\/\/mifune.blogs.com\/anamia\/\">Ana y Mia<\/a> . <br \/>En uno de sus art\u00edculos podemos leer: <br \/><em>Hay much\u00edsimas chicas (y cada vez m\u00e1s chicos tambi\u00e9n) que no viven como nosotros a pesar de vivir con nosotros. Son chicas que no pueden concentrarse en su trabajo, en sus estudios, en sus relaciones sociales, en su futuro. Chicas que viven presas de un monstruo que macabramente llaman &quot;amigo&quot;. Un monstruo que les va dejando poco a poco sin vida, sin ilusi\u00f3n, sin esperanza, sin fe en s\u00ed mismas ni en nadie cercano.<br \/>Ana y Mia son, en la jerga de sus v\u00edctimas, ese monstruo: La <strong>Anorexia y la Bulimia<\/strong> nerviosas.<\/em><\/p>\n<p>Un tema que debe preocuparnos como padres y como profesionales de la educaci\u00f3n, en este blog podemos encontrar numerosos recursos para tratar el tema con nuestros alumnos y podemos colaborar con<a href=\"http:\/\/mifune.blogs.com\/\"> su promotora<\/a> pues nos dice:<\/p>\n<p><em>Animo a todo el que pase por aqu\u00ed es a <u>que proponga webs<\/u> que conozca en las que haya un contenido expl\u00edcitamente contrario a la <strong>anorexia y bulimia<\/strong> (y otras similares) en parte o en su totalidad. \u00c9stas pueden ser de tem\u00e1ticas sobre la <strong>salud<\/strong> (no como esas que aconsejan dietas absurdas sin criterio m\u00e9dico), sobre psicolog\u00eda y <strong>psiquiatr\u00eda<\/strong>, <strong>p\u00e1ginas personales<\/strong> y blogs, etc.. siempre que traten de informar <strong>para bien<\/strong> de la salud o de denunciar aquello que en nuestra sociedad refuerza las frustraciones de un grupo de gente que puede acabar cayendo en la trampa de la obsesi\u00f3n y la esclavitud sumisa a perder vida poco a poco.<\/em><\/p>\n<p>No dej\u00e9is de leer los comentarios que cientos de chicas y chicos que han sufrido o sufren la enfermedad dejan en el blog, os ayudar\u00e1 un mont\u00f3n a comprender el fen\u00f3meno.<\/p>\n<p><em><\/em><\/p>\n<p \/>\n","protected":false},"excerpt":{"rendered":"<p>Hace unos d\u00edas descubr\u00ed que un blog titulado Ana y Mia ten\u00eda un enlace hacia mi web. El enlace en cuesti\u00f3n es al art\u00edculo &quot;La prevenci\u00f3n es la clave&quot; de Francisco Mu\u00f1oz de la Pe\u00f1a que apareci\u00f3 en Enero de 2002 en La Gaceta de la Educaci\u00f3n. La alimentaci\u00f3n y la salud fue el primer [&hellip;]<\/p>\n","protected":false},"author":1,"featured_media":0,"comment_status":"closed","ping_status":"closed","sticky":false,"template":"","format":"standard","meta":{"footnotes":""},"categories":[8,3],"tags":[],"class_list":["post-595","post","type-post","status-publish","format-standard","hentry","category-educacion_e_internet","category-weblogs_herramientas_trucos_etc"],"_links":{"self":[{"href":"http:\/\/aula21.net\/aulablog21\/wp-json\/wp\/v2\/posts\/595","targetHints":{"allow":["GET"]}}],"collection":[{"href":"http:\/\/aula21.net\/aulablog21\/wp-json\/wp\/v2\/posts"}],"about":[{"href":"http:\/\/aula21.net\/aulablog21\/wp-json\/wp\/v2\/types\/post"}],"author":[{"embeddable":true,"href":"http:\/\/aula21.net\/aulablog21\/wp-json\/wp\/v2\/users\/1"}],"replies":[{"embeddable":true,"href":"http:\/\/aula21.net\/aulablog21\/wp-json\/wp\/v2\/comments?post=595"}],"version-history":[{"count":0,"href":"http:\/\/aula21.net\/aulablog21\/wp-json\/wp\/v2\/posts\/595\/revisions"}],"wp:attachment":[{"href":"http:\/\/aula21.net\/aulablog21\/wp-json\/wp\/v2\/media?parent=595"}],"wp:term":[{"taxonomy":"category","embeddable":true,"href":"http:\/\/aula21.net\/aulablog21\/wp-json\/wp\/v2\/categories?post=595"},{"taxonomy":"post_tag","embeddable":true,"href":"http:\/\/aula21.net\/aulablog21\/wp-json\/wp\/v2\/tags?post=595"}],"curies":[{"name":"wp","href":"https:\/\/api.w.org\/{rel}","templated":true}]}}