{"id":5981,"date":"2012-01-17T18:29:41","date_gmt":"2012-01-17T17:29:41","guid":{"rendered":"http:\/\/aula21.net\/aulablog21\/?p=5981"},"modified":"2012-01-17T18:32:08","modified_gmt":"2012-01-17T17:32:08","slug":"tecnologia-y-escuela-lo-que-funciona-y-por-que","status":"publish","type":"post","link":"http:\/\/aula21.net\/aulablog21\/archives\/2012\/01\/17\/tecnologia-y-escuela-lo-que-funciona-y-por-que\/","title":{"rendered":"Tecnolog\u00eda y escuela: lo que funciona y por qu\u00e9"},"content":{"rendered":"<p><!--adsense--><br \/>\nEl documento <em><a href=\"http:\/\/www.fundacionsantillana.com\/upload\/ficheros\/noticias\/201111\/documento_bsico.pdf\" target=\"_blank\">Tecnolog\u00eda y escuela: lo que funciona y por qu\u00e9<\/a><\/em>,  elaborado por Francesc Pedr\u00f3, jefe de la Oficina P\u00fablica de Pol\u00edtica  Sectorial y TIC en Educaci\u00f3n de la Unesco, fue el punto de partida en la <a href=\"http:\/\/www.fundacionsantillana.com\/convocatorias\/detalle\/42\/23-y-el-27-de-noviembre--xxiv-semana-monografica-de-la-educacion\/\">Semana Monogr\u00e1fica de la Educaci\u00f3n <\/a>de la Fundaci\u00f3n Santillana celebrada en Madrid entre los d\u00edas 21 y 25 de noviembre bajo  el t\u00edtulo <em>La educaci\u00f3n en la sociedad del conocimiento<\/em>.<br \/>\n<embed src=\"http:\/\/www.box.com\/embed\/0igxqzahibj1617.swf\" width=\"466\" height=\"400\" wmode=\"opaque\" type=\"application\/x-shockwave-flash\" allowFullScreen=\"true\" allowScriptAccess=\"always\"><\/p>\n<p>Documento b\u00e1sico para  el debate sobre los retos educativos y tecnol\u00f3gicos que tendr\u00e1 que  afrontar la escuela en los pr\u00f3ximos a\u00f1os.<\/p>\n<p>\u00abNuestro modelo educativo no  es el del siglo XIX, pero tampoco es el que necesitamos\u00bb, reconoce el  autor del informe.<\/p>\n","protected":false},"excerpt":{"rendered":"<p>El documento Tecnolog\u00eda y escuela: lo que funciona y por qu\u00e9, elaborado por Francesc Pedr\u00f3, jefe de la Oficina P\u00fablica de Pol\u00edtica Sectorial y TIC en Educaci\u00f3n de la Unesco, fue el punto de partida en la Semana Monogr\u00e1fica de la Educaci\u00f3n de la Fundaci\u00f3n Santillana celebrada en Madrid entre los d\u00edas 21 y 25 [&hellip;]<\/p>\n","protected":false},"author":1,"featured_media":0,"comment_status":"open","ping_status":"open","sticky":false,"template":"","format":"standard","meta":{"footnotes":""},"categories":[17,19,29,18],"tags":[],"class_list":["post-5981","post","type-post","status-publish","format-standard","hentry","category-articulos","category-educacion","category-lecturas","category-tic"],"_links":{"self":[{"href":"http:\/\/aula21.net\/aulablog21\/wp-json\/wp\/v2\/posts\/5981","targetHints":{"allow":["GET"]}}],"collection":[{"href":"http:\/\/aula21.net\/aulablog21\/wp-json\/wp\/v2\/posts"}],"about":[{"href":"http:\/\/aula21.net\/aulablog21\/wp-json\/wp\/v2\/types\/post"}],"author":[{"embeddable":true,"href":"http:\/\/aula21.net\/aulablog21\/wp-json\/wp\/v2\/users\/1"}],"replies":[{"embeddable":true,"href":"http:\/\/aula21.net\/aulablog21\/wp-json\/wp\/v2\/comments?post=5981"}],"version-history":[{"count":0,"href":"http:\/\/aula21.net\/aulablog21\/wp-json\/wp\/v2\/posts\/5981\/revisions"}],"wp:attachment":[{"href":"http:\/\/aula21.net\/aulablog21\/wp-json\/wp\/v2\/media?parent=5981"}],"wp:term":[{"taxonomy":"category","embeddable":true,"href":"http:\/\/aula21.net\/aulablog21\/wp-json\/wp\/v2\/categories?post=5981"},{"taxonomy":"post_tag","embeddable":true,"href":"http:\/\/aula21.net\/aulablog21\/wp-json\/wp\/v2\/tags?post=5981"}],"curies":[{"name":"wp","href":"https:\/\/api.w.org\/{rel}","templated":true}]}}