{"id":607,"date":"2005-11-24T10:17:16","date_gmt":"2005-11-24T09:17:16","guid":{"rendered":"http:\/\/127.0.0.1\/wordpress2\/index.php\/archives\/2005\/11\/24\/el-acoso-escolar-una-asignatura-pendiente-pdf\/"},"modified":"2005-11-24T10:19:02","modified_gmt":"2005-11-24T09:19:02","slug":"el-acoso-escolar-una-asignatura-pendiente-pdf","status":"publish","type":"post","link":"http:\/\/aula21.net\/aulablog21\/archives\/2005\/11\/24\/el-acoso-escolar-una-asignatura-pendiente-pdf\/","title":{"rendered":"El acoso escolar: una asignatura pendiente (PDF)"},"content":{"rendered":"<p><a href=\"http:\/\/firgoa.usc.es\/drupal\/node\/23421\">Publicado en Firgoa<\/a><\/p>\n<div class=\"content\">\n<p><strong>Ascensi\u00f3n Palomares Ruiz: El acoso escolar: una asignatura pendiente<\/strong> (PDF) <span style=\"font-style: italic;\">,catedr\u00e1tica de Did\u00e1ctica y Organizaci\u00f3n Escolar de la Universidad de Castilla-La Mancha.<br \/>La violencia en la Escuela no es un problema nuevo; pero, hace poco m\u00e1s de un a\u00f1o, tras el triste final de Jokin, un alumno de 14 a\u00f1os de Hondarribia (Guip\u00fazcoa), que sufri\u00f3 maltrato psicol\u00f3gico y f\u00edsico de sus compa\u00f1eros de Instituto, se dispararon las alarmas sociales, pol\u00edticas y educativas, generando m\u00faltiples debates, seminarios, estudios, etc. Sin embargo, no s\u00f3lo no se ha conseguido frenar el problema, sino que los casos de acoso escolar afloran como algo natural y normal, en una sociedad cada vez m\u00e1s competitiva e insolidaria. (<\/span><a style=\"font-style: italic;\" href=\"http:\/\/firgoa.usc.es\/drupal\/filestore2\/download\/23421\/ACOSO%20ESCOLAR052.pdf\" target=\"_self\">Descargar<\/a><span style=\"font-style: italic;\">)<\/span> <\/p>\n<\/div>\n<p><\/p>\n","protected":false},"excerpt":{"rendered":"<p>Publicado en Firgoa Ascensi\u00f3n Palomares Ruiz: El acoso escolar: una asignatura pendiente (PDF) ,catedr\u00e1tica de Did\u00e1ctica y Organizaci\u00f3n Escolar de la Universidad de Castilla-La Mancha.La violencia en la Escuela no es un problema nuevo; pero, hace poco m\u00e1s de un a\u00f1o, tras el triste final de Jokin, un alumno de 14 a\u00f1os de Hondarribia (Guip\u00fazcoa), [&hellip;]<\/p>\n","protected":false},"author":1,"featured_media":0,"comment_status":"open","ping_status":"open","sticky":false,"template":"","format":"standard","meta":{"footnotes":""},"categories":[8],"tags":[],"class_list":["post-607","post","type-post","status-publish","format-standard","hentry","category-educacion_e_internet"],"_links":{"self":[{"href":"http:\/\/aula21.net\/aulablog21\/wp-json\/wp\/v2\/posts\/607","targetHints":{"allow":["GET"]}}],"collection":[{"href":"http:\/\/aula21.net\/aulablog21\/wp-json\/wp\/v2\/posts"}],"about":[{"href":"http:\/\/aula21.net\/aulablog21\/wp-json\/wp\/v2\/types\/post"}],"author":[{"embeddable":true,"href":"http:\/\/aula21.net\/aulablog21\/wp-json\/wp\/v2\/users\/1"}],"replies":[{"embeddable":true,"href":"http:\/\/aula21.net\/aulablog21\/wp-json\/wp\/v2\/comments?post=607"}],"version-history":[{"count":0,"href":"http:\/\/aula21.net\/aulablog21\/wp-json\/wp\/v2\/posts\/607\/revisions"}],"wp:attachment":[{"href":"http:\/\/aula21.net\/aulablog21\/wp-json\/wp\/v2\/media?parent=607"}],"wp:term":[{"taxonomy":"category","embeddable":true,"href":"http:\/\/aula21.net\/aulablog21\/wp-json\/wp\/v2\/categories?post=607"},{"taxonomy":"post_tag","embeddable":true,"href":"http:\/\/aula21.net\/aulablog21\/wp-json\/wp\/v2\/tags?post=607"}],"curies":[{"name":"wp","href":"https:\/\/api.w.org\/{rel}","templated":true}]}}