{"id":6128,"date":"2012-02-03T22:03:01","date_gmt":"2012-02-03T21:03:01","guid":{"rendered":"http:\/\/aula21.net\/aulablog21\/?p=6128"},"modified":"2012-02-15T20:19:56","modified_gmt":"2012-02-15T19:19:56","slug":"tal-dia-como-hoy","status":"publish","type":"post","link":"http:\/\/aula21.net\/aulablog21\/archives\/2012\/02\/03\/tal-dia-como-hoy\/","title":{"rendered":"Tal d\u00eda como HOY"},"content":{"rendered":"<p><!--adsense--><br \/>\nMe ha encantado la nueva secci\u00f3n del diario extreme\u00f1o HOY , <a href=\"http:\/\/blogs.hoy.es\/cumpleanoshoy\/\" target=\"_blank\">Tal d\u00eda como HOY<\/a><\/p>\n<p style=\"text-align: center;\"><img loading=\"lazy\" decoding=\"async\" class=\"aligncenter\" src=\"http:\/\/blogs.hoy.es\/cumpleanoshoy\/files\/2012\/01\/cabecera-cumple.jpg\" alt=\"\" width=\"421\" height=\"37\" \/><\/p>\n<p>Mi padre era colaborador de dicho diario y en mi casa desde que era peque\u00f1o se desayunada ley\u00e9ndolo, pues est\u00e1bamos suscritos y diariamente el repartidor lo met\u00eda por debajo de la puerta.<\/p>\n<p>Son muchos los gratos recuerdos que me trae y desde \u00a0aqu\u00ed felicito a los responsables de esta iniciativa que puede tener un valor educativo indudable.<\/p>\n<p>Hace 25 a\u00f1os yo ten\u00eda 24 y la portada fue:<\/p>\n<p><a href=\"http:\/\/aula21.net\/aulablog21\/wp-content\/uploads\/2012\/02\/Captura-de-pantalla-2012-02-03-a-las-21.59.04.png\"><\/a><a href=\"http:\/\/aula21.net\/aulablog21\/wp-content\/uploads\/2012\/02\/Captura-de-pantalla-2012-02-03-a-las-21.59.04.png\"><img loading=\"lazy\" decoding=\"async\" class=\"aligncenter size-full wp-image-6129\" title=\"Captura de pantalla 2012-02-03 a la(s) 21.59.04\" src=\"http:\/\/aula21.net\/aulablog21\/wp-content\/uploads\/2012\/02\/Captura-de-pantalla-2012-02-03-a-las-21.59.04.png\" alt=\"Captura de pantalla 2012-02-03 a la(s) 21.59.04\" width=\"433\" height=\"586\" srcset=\"http:\/\/aula21.net\/aulablog21\/wp-content\/uploads\/2012\/02\/Captura-de-pantalla-2012-02-03-a-las-21.59.04.png 433w, http:\/\/aula21.net\/aulablog21\/wp-content\/uploads\/2012\/02\/Captura-de-pantalla-2012-02-03-a-las-21.59.04-222x300.png 222w\" sizes=\"auto, (max-width: 433px) 100vw, 433px\" \/><\/a><\/p>\n<p>Tambi\u00e9n tenemos<a href=\"http:\/\/blogs.hoy.es\/cumpleanoshoy\/2012\/02\/03\/tal-dia-como-hoy-3-febrero\/\" target=\"_blank\"> acceso a las portadas de hace 50 y 75 a\u00f1os, as\u00ed como a las efem\u00e9rides del d\u00eda<\/a>.<\/p>\n<p>Las actividades educativas que gracias a esta secci\u00f3n del HOY se pueden llevar a cabo en el aula son infinitas.<\/p>\n<p>Me pongo a buscar una rese\u00f1a sobre mi padre en Google y encuentro en la maravillosa<a href=\"http:\/\/hemeroteca.abc.es\/nav\/Navigate.exe\/hemeroteca\/madrid\/abc\/1967\/05\/25\/029.html\" target=\"_blank\"> hemeroteca del diario ABC<\/a> una publicada en 1967 q.<\/p>\n<p><a href=\"http:\/\/aula21.net\/aulablog21\/wp-content\/uploads\/2012\/02\/Captura-de-pantalla-2012-02-03-a-las-22.05.58.png\"><img loading=\"lazy\" decoding=\"async\" class=\"aligncenter size-full wp-image-6134\" title=\"Captura de pantalla 2012-02-03 a la(s) 22.05.58\" src=\"http:\/\/aula21.net\/aulablog21\/wp-content\/uploads\/2012\/02\/Captura-de-pantalla-2012-02-03-a-las-22.05.58.png\" alt=\"Captura de pantalla 2012-02-03 a la(s) 22.05.58\" width=\"451\" height=\"579\" srcset=\"http:\/\/aula21.net\/aulablog21\/wp-content\/uploads\/2012\/02\/Captura-de-pantalla-2012-02-03-a-las-22.05.58.png 451w, http:\/\/aula21.net\/aulablog21\/wp-content\/uploads\/2012\/02\/Captura-de-pantalla-2012-02-03-a-las-22.05.58-233x300.png 233w\" sizes=\"auto, (max-width: 451px) 100vw, 451px\" \/><\/a><\/p>\n","protected":false},"excerpt":{"rendered":"<p>Me ha encantado la nueva secci\u00f3n del diario extreme\u00f1o HOY , Tal d\u00eda como HOY Mi padre era colaborador de dicho diario y en mi casa desde que era peque\u00f1o se desayunada ley\u00e9ndolo, pues est\u00e1bamos suscritos y diariamente el repartidor lo met\u00eda por debajo de la puerta. Son muchos los gratos recuerdos que me trae [&hellip;]<\/p>\n","protected":false},"author":1,"featured_media":0,"comment_status":"open","ping_status":"open","sticky":false,"template":"","format":"standard","meta":{"footnotes":""},"categories":[8,14],"tags":[],"class_list":["post-6128","post","type-post","status-publish","format-standard","hentry","category-educacion_e_internet","category-recursos-variados"],"_links":{"self":[{"href":"http:\/\/aula21.net\/aulablog21\/wp-json\/wp\/v2\/posts\/6128","targetHints":{"allow":["GET"]}}],"collection":[{"href":"http:\/\/aula21.net\/aulablog21\/wp-json\/wp\/v2\/posts"}],"about":[{"href":"http:\/\/aula21.net\/aulablog21\/wp-json\/wp\/v2\/types\/post"}],"author":[{"embeddable":true,"href":"http:\/\/aula21.net\/aulablog21\/wp-json\/wp\/v2\/users\/1"}],"replies":[{"embeddable":true,"href":"http:\/\/aula21.net\/aulablog21\/wp-json\/wp\/v2\/comments?post=6128"}],"version-history":[{"count":0,"href":"http:\/\/aula21.net\/aulablog21\/wp-json\/wp\/v2\/posts\/6128\/revisions"}],"wp:attachment":[{"href":"http:\/\/aula21.net\/aulablog21\/wp-json\/wp\/v2\/media?parent=6128"}],"wp:term":[{"taxonomy":"category","embeddable":true,"href":"http:\/\/aula21.net\/aulablog21\/wp-json\/wp\/v2\/categories?post=6128"},{"taxonomy":"post_tag","embeddable":true,"href":"http:\/\/aula21.net\/aulablog21\/wp-json\/wp\/v2\/tags?post=6128"}],"curies":[{"name":"wp","href":"https:\/\/api.w.org\/{rel}","templated":true}]}}