{"id":613,"date":"2005-11-26T19:38:12","date_gmt":"2005-11-26T18:38:12","guid":{"rendered":"http:\/\/127.0.0.1\/wordpress2\/index.php\/archives\/2005\/11\/26\/el-blog-d-los-blogs-y-blogs-de-isidro-vidal\/"},"modified":"2005-11-26T19:49:48","modified_gmt":"2005-11-26T18:49:48","slug":"el-blog-d-los-blogs-y-blogs-de-isidro-vidal","status":"publish","type":"post","link":"http:\/\/aula21.net\/aulablog21\/archives\/2005\/11\/26\/el-blog-d-los-blogs-y-blogs-de-isidro-vidal\/","title":{"rendered":"El Blog d&#8217;los Blogs y blogs de Isidro Vidal"},"content":{"rendered":"<p>Gracias a un art\u00edculo de<a href=\"http:\/\/hitzez.blogspot.com\/2005\/11\/navegando-en-la-blogosfera-recursos-en.html\"> Isidro Vidal<\/a>\u00a0descubro\u00a0<a href=\"http:\/\/elblogdelosblogs.blogspot.com\/\">El Blog d&#8217; los Blogs<\/a>\u00a0cuya autora es una profesora chilena de 25 a\u00f1os llamada Cristina Requena que casualmente cumple a\u00f1os el mismo d\u00eda que un servidor, contiene numerosos recursos acerca de los blogs especialmente para los usuarios de <a href=\"http:\/\/www.blogger.com\/\">Blogger<\/a>.<\/p>\n<p>Por otra parte\u00a0comentar las experiencias de Isidro c\u00f3mo\u00a0blogfesor, trabaja en el\u00a0IES Julio Caro Baroja de Getxo (Vizcaya) donde da clases de M\u00fasica e Inform\u00e1tica (Opcional) en primer ciclo de ESO. Tambi\u00e9n apoya el \u00e1rea de Ciencias Naturales. En esta asignatura han creado tres blogs para los alumnos la pena es que est\u00e1n alojados en <a href=\"http:\/\/www.acelblog.com\/\">Acelblog<\/a>\u00a0cuyo servidor de momento est\u00e1 caido:<\/p>\n<div class=\"container\">\n<div class=\"col\">\n<div class=\"colsection\">\n<div class=\"linkslist\">\n<ul>\n<li><a href=\"http:\/\/naturales21.acelblog.com\/\"><font color=\"#002763\">IES Julio Caro Baroja &#8211; 2\u00ba1 ESO<\/font><\/a> <\/li>\n<li><a href=\"http:\/\/naturales22.acelblog.com\/\"><font color=\"#002763\">IES Julio Caro Baroja &#8211; 2\u00ba2 ESO<\/font><\/a> <\/li>\n<li><a href=\"http:\/\/naturales23.acelblog.com\/\"><font color=\"#002763\">IES Julio Caro Baroja &#8211; 2\u00ba3 ESO<\/font><\/a> <\/li>\n<\/ul>\n<\/div>\n<\/div>\n<\/div>\n<\/div>\n<p>\u00a0Escribe habitualmente en El blog de Morrison ( <a href=\"http:\/\/morrison.blogia.com\/\"><font color=\"#002763\">http:\/\/morrison.blogia.com\/<\/font><\/a> ) y Hitzez<font color=\"#002763\"> (<a href=\"http:\/\/hitzez.blogspot.com\/\">http:\/\/hitzez.blogspot.com\/<\/a>)<\/font><br \/>Entre varios profesores y profesoras de su centro han abierto un blog donde incluyen informaci\u00f3n del Instituto <a href=\"http:\/\/blogs.ya.com\/jcbaroja\"><font color=\"#002763\">http:\/\/blogs.ya.com\/jcbaroja<\/font><\/a>\u00a0.<\/p>\n<p>Asimismo abri\u00f3 dos blog para sus clases de m\u00fasica en el mencionado servicio que est\u00e1 caido (Acelblog):<\/p>\n<ul>\n<li><a href=\"http:\/\/musica23.acelblog.com\/\">Cuaderno de M\u00fasica de 2\u00ba3 <\/a><\/li>\n<li><a href=\"http:\/\/musica12.acelblog.com\/\">Cuaderno de M\u00fasica de 1\u00ba2<\/a> <\/li>\n<\/ul>\n<p \/>\n","protected":false},"excerpt":{"rendered":"<p>Gracias a un art\u00edculo de Isidro Vidal\u00a0descubro\u00a0El Blog d&#8217; los Blogs\u00a0cuya autora es una profesora chilena de 25 a\u00f1os llamada Cristina Requena que casualmente cumple a\u00f1os el mismo d\u00eda que un servidor, contiene numerosos recursos acerca de los blogs especialmente para los usuarios de Blogger. Por otra parte\u00a0comentar las experiencias de Isidro c\u00f3mo\u00a0blogfesor, trabaja en [&hellip;]<\/p>\n","protected":false},"author":1,"featured_media":0,"comment_status":"open","ping_status":"open","sticky":false,"template":"","format":"standard","meta":{"footnotes":""},"categories":[3,2],"tags":[],"class_list":["post-613","post","type-post","status-publish","format-standard","hentry","category-weblogs_herramientas_trucos_etc","category-weblogs_en_el_aula"],"_links":{"self":[{"href":"http:\/\/aula21.net\/aulablog21\/wp-json\/wp\/v2\/posts\/613","targetHints":{"allow":["GET"]}}],"collection":[{"href":"http:\/\/aula21.net\/aulablog21\/wp-json\/wp\/v2\/posts"}],"about":[{"href":"http:\/\/aula21.net\/aulablog21\/wp-json\/wp\/v2\/types\/post"}],"author":[{"embeddable":true,"href":"http:\/\/aula21.net\/aulablog21\/wp-json\/wp\/v2\/users\/1"}],"replies":[{"embeddable":true,"href":"http:\/\/aula21.net\/aulablog21\/wp-json\/wp\/v2\/comments?post=613"}],"version-history":[{"count":0,"href":"http:\/\/aula21.net\/aulablog21\/wp-json\/wp\/v2\/posts\/613\/revisions"}],"wp:attachment":[{"href":"http:\/\/aula21.net\/aulablog21\/wp-json\/wp\/v2\/media?parent=613"}],"wp:term":[{"taxonomy":"category","embeddable":true,"href":"http:\/\/aula21.net\/aulablog21\/wp-json\/wp\/v2\/categories?post=613"},{"taxonomy":"post_tag","embeddable":true,"href":"http:\/\/aula21.net\/aulablog21\/wp-json\/wp\/v2\/tags?post=613"}],"curies":[{"name":"wp","href":"https:\/\/api.w.org\/{rel}","templated":true}]}}