{"id":617,"date":"2005-11-27T16:07:14","date_gmt":"2005-11-27T15:07:14","guid":{"rendered":"http:\/\/127.0.0.1\/wordpress2\/index.php\/archives\/2005\/11\/27\/requiem-por-una-generacion-de-ignorantes\/"},"modified":"2005-11-27T16:07:14","modified_gmt":"2005-11-27T15:07:14","slug":"requiem-por-una-generacion-de-ignorantes","status":"publish","type":"post","link":"http:\/\/aula21.net\/aulablog21\/archives\/2005\/11\/27\/requiem-por-una-generacion-de-ignorantes\/","title":{"rendered":"R\u00e9quiem por una generaci\u00f3n de ignorantes"},"content":{"rendered":"<p><strong>V\u00eda <a href=\"http:\/\/www.escolar.net\">Escolar.net<\/a><\/strong><\/p>\n<p><strong>R\u00e9quiem por una generaci\u00f3n de ignorantes<\/strong><\/p>\n<p><strong>Juan Carlos Escudier<\/strong><\/p>\n<p>Lo peor de nuestros pol\u00edticos, con diferencia, es su incapacidad para distinguir lo fundamental de lo accesorio. Se puede estar a favor de hacer un trasvase para llevar agua a Levante o se puede optar por desalar el Mediterr\u00e1neo; es posible discrepar sobre la conveniencia o no de vender barcos a Venezuela; es razonable que haya puntos de vista distintos sobre la OPA de Gas Natural sobre Endesa; y hasta resulta leg\u00edtimo mantener una fidelidad canina hacia Estados Unidos o todo lo contrario. Pero lo que es verdaderamente inadmisible es que los dos grandes partidos sean incapaces de ponerse de acuerdo sobre qu\u00e9 educaci\u00f3n dar a las futuras generaciones de espa\u00f1oles. El disparate es de tal calibre que una legislaci\u00f3n que deber\u00eda haber servido para 50 a\u00f1os, con independencia del signo pol\u00edtico del inquilino de la Moncloa, va a ser modificada por sexta vez en lo que llevamos de democracia. As\u00ed nos luce el pelo.<\/p>\n<p>Con todo, el debate que deber\u00eda acompa\u00f1ar a una ley de tanta trascendencia como \u00e9sta se ha reducido a discusiones peregrinas sobre otra cuesti\u00f3n irrelevante, como es la ense\u00f1anza de la religi\u00f3n. Lo que los ciudadanos tendr\u00edan que saber es que la \u201cgeneraci\u00f3n m\u00e1s formada de la historia\u201d, como nuestros prohombres definen a nuestros hijos sin demasiado convencimiento, constituye, en realidad, una masa informe de ignorantes y aldeanos. Escandalizados ante ese 30% de fracaso escolar que revelan las encuestas, hemos sido incapaces de observar la verdadera tragedia: la mitad de los ni\u00f1os que terminan la primaria, con 10 a\u00f1os, no saben en qu\u00e9 continente ubicar Italia, y eso si son capaces de saber qu\u00e9 demonios es un continente.<br \/>A esa calamidad es a lo que tendr\u00eda que dar respuesta la nueva ley y la verdad es que no lo hace. Es una mala ley, pero no por ninguno de los motivos que esgrimieron los que se manifestaron el pasado d\u00eda 19, sino porque no garantiza que quienes se formen en el nuevo plan educativo vayan a ser menos ignorantes y menos provincianos. \u00bfQu\u00e9 ayuda representa para los alumnos permitirles pasar de curso con tres suspensos? \u00bfAcaso es m\u00e1s progresista esto que poner el l\u00edmite en dos? Instruir a un ni\u00f1o se asemeja mucho a la construcci\u00f3n de una casa. Sin pilares firmes, el edificio entero no resistir\u00e1. \u00bfEs l\u00f3gico que un ni\u00f1o de ocho a\u00f1os progrese de curso sin dominar asignaturas b\u00e1sicas como la lengua o las matem\u00e1ticas? \u00bfQu\u00e9 otros conocimientos puede a\u00f1adir quien es incapaz de leer, escribir o sumar con la necesaria destreza?<\/p>\n<p><a href=\"http:\/\/www.elconfidencial.com\/opinion\/indice.asp?id=809\"><font color=\"#333366\">M\u00e1s en El Confidencial<\/font><\/a><\/p>\n","protected":false},"excerpt":{"rendered":"<p>V\u00eda Escolar.net R\u00e9quiem por una generaci\u00f3n de ignorantes Juan Carlos Escudier Lo peor de nuestros pol\u00edticos, con diferencia, es su incapacidad para distinguir lo fundamental de lo accesorio. Se puede estar a favor de hacer un trasvase para llevar agua a Levante o se puede optar por desalar el Mediterr\u00e1neo; es posible discrepar sobre la [&hellip;]<\/p>\n","protected":false},"author":1,"featured_media":0,"comment_status":"open","ping_status":"open","sticky":false,"template":"","format":"standard","meta":{"footnotes":""},"categories":[8],"tags":[],"class_list":["post-617","post","type-post","status-publish","format-standard","hentry","category-educacion_e_internet"],"_links":{"self":[{"href":"http:\/\/aula21.net\/aulablog21\/wp-json\/wp\/v2\/posts\/617","targetHints":{"allow":["GET"]}}],"collection":[{"href":"http:\/\/aula21.net\/aulablog21\/wp-json\/wp\/v2\/posts"}],"about":[{"href":"http:\/\/aula21.net\/aulablog21\/wp-json\/wp\/v2\/types\/post"}],"author":[{"embeddable":true,"href":"http:\/\/aula21.net\/aulablog21\/wp-json\/wp\/v2\/users\/1"}],"replies":[{"embeddable":true,"href":"http:\/\/aula21.net\/aulablog21\/wp-json\/wp\/v2\/comments?post=617"}],"version-history":[{"count":0,"href":"http:\/\/aula21.net\/aulablog21\/wp-json\/wp\/v2\/posts\/617\/revisions"}],"wp:attachment":[{"href":"http:\/\/aula21.net\/aulablog21\/wp-json\/wp\/v2\/media?parent=617"}],"wp:term":[{"taxonomy":"category","embeddable":true,"href":"http:\/\/aula21.net\/aulablog21\/wp-json\/wp\/v2\/categories?post=617"},{"taxonomy":"post_tag","embeddable":true,"href":"http:\/\/aula21.net\/aulablog21\/wp-json\/wp\/v2\/tags?post=617"}],"curies":[{"name":"wp","href":"https:\/\/api.w.org\/{rel}","templated":true}]}}