{"id":620,"date":"2005-11-28T22:02:58","date_gmt":"2005-11-28T21:02:58","guid":{"rendered":"http:\/\/127.0.0.1\/wordpress2\/index.php\/archives\/2005\/11\/28\/proteger-al-menor\/"},"modified":"2005-11-28T22:10:10","modified_gmt":"2005-11-28T21:10:10","slug":"proteger-al-menor","status":"publish","type":"post","link":"http:\/\/aula21.net\/aulablog21\/archives\/2005\/11\/28\/proteger-al-menor\/","title":{"rendered":"Proteger al menor"},"content":{"rendered":"<p>Ayer pude leer en La Raz\u00f3n una entrevista al presidente de la Asociaci\u00f3n Prot\u00e9geles cuyo nombre no recuerdo.<\/p>\n<p>Dicha asociaci\u00f3n trata de ofrecer recursos para proteger a nuestros hijos en TICs y otros temas. Ya he dicho en muchas ocasiones que hemos de educar a padres y alumnos en el buen uso de las TIC, algo a menudo olvidado por las autoridades acad\u00e9micas.<\/p>\n<p>A trav\u00e9s de la red\u00a0esta asociaci\u00f3n pone a nuestra disposici\u00f3n\u00a0diversas lineas de ayuda:<\/p>\n<ul>\n<li><a href=\"http:\/\/www.ciberfamilias.com\/\">Ciberfamilias.com<\/a>\u00a0Un buen sitio para padres y educadores interesados en conocer mejor Internet e informarse en cuestiones relativas a la seguridad de los menore<\/li>\n<li><a href=\"http:\/\/www.acosoescolar.com\/\">Acosoescolar.com<\/a><\/li>\n<li><a href=\"http:\/\/www.masqueunaimagen.com\/\">Masqueunaimagen.com<\/a>\u00a0Campa\u00f1a de protecci\u00f3n para la bulimia y la anorexia<\/li>\n<li><a href=\"http:\/\/www.protegeles.com\/\">Prot\u00e9geles.com<\/a>\u00a0El trabajo de PROTEGELES se centra no s\u00f3lo en la localizaci\u00f3n de p\u00e1ginas de pornograf\u00eda infantil, la denuncia de ped\u00f3filos, etc, sino que tambi\u00e9n conlleva una importante faceta preventiva.PROTEGELES realiza estudios en profundidad dirigidos a identificar nuevos riesgos para los menores.<\/li>\n<\/ul>\n<p>Enlaces que padres, alumnos y profes hemos de explorar con detenimiento.<\/p>\n<p><\/p>\n","protected":false},"excerpt":{"rendered":"<p>Ayer pude leer en La Raz\u00f3n una entrevista al presidente de la Asociaci\u00f3n Prot\u00e9geles cuyo nombre no recuerdo. Dicha asociaci\u00f3n trata de ofrecer recursos para proteger a nuestros hijos en TICs y otros temas. Ya he dicho en muchas ocasiones que hemos de educar a padres y alumnos en el buen uso de las TIC, [&hellip;]<\/p>\n","protected":false},"author":1,"featured_media":0,"comment_status":"open","ping_status":"open","sticky":false,"template":"","format":"standard","meta":{"footnotes":""},"categories":[1],"tags":[],"class_list":["post-620","post","type-post","status-publish","format-standard","hentry","category-miscelanea"],"_links":{"self":[{"href":"http:\/\/aula21.net\/aulablog21\/wp-json\/wp\/v2\/posts\/620","targetHints":{"allow":["GET"]}}],"collection":[{"href":"http:\/\/aula21.net\/aulablog21\/wp-json\/wp\/v2\/posts"}],"about":[{"href":"http:\/\/aula21.net\/aulablog21\/wp-json\/wp\/v2\/types\/post"}],"author":[{"embeddable":true,"href":"http:\/\/aula21.net\/aulablog21\/wp-json\/wp\/v2\/users\/1"}],"replies":[{"embeddable":true,"href":"http:\/\/aula21.net\/aulablog21\/wp-json\/wp\/v2\/comments?post=620"}],"version-history":[{"count":0,"href":"http:\/\/aula21.net\/aulablog21\/wp-json\/wp\/v2\/posts\/620\/revisions"}],"wp:attachment":[{"href":"http:\/\/aula21.net\/aulablog21\/wp-json\/wp\/v2\/media?parent=620"}],"wp:term":[{"taxonomy":"category","embeddable":true,"href":"http:\/\/aula21.net\/aulablog21\/wp-json\/wp\/v2\/categories?post=620"},{"taxonomy":"post_tag","embeddable":true,"href":"http:\/\/aula21.net\/aulablog21\/wp-json\/wp\/v2\/tags?post=620"}],"curies":[{"name":"wp","href":"https:\/\/api.w.org\/{rel}","templated":true}]}}