{"id":622,"date":"2005-11-30T23:26:24","date_gmt":"2005-11-30T22:26:24","guid":{"rendered":"http:\/\/127.0.0.1\/wordpress2\/index.php\/archives\/2005\/11\/30\/ya-estoy-en-la-capital\/"},"modified":"2005-11-30T23:45:45","modified_gmt":"2005-11-30T22:45:45","slug":"ya-estoy-en-la-capital","status":"publish","type":"post","link":"http:\/\/aula21.net\/aulablog21\/archives\/2005\/11\/30\/ya-estoy-en-la-capital\/","title":{"rendered":"Ya estoy en la capital"},"content":{"rendered":"<p>He llegado hace un media hora al <a href=\"http:\/\/www.solmelia.com\/solNew\/hoteles\/jsp\/C_Hotel_Description.jsp?codigoHotel=2805\">Hotel Melia Avenida de Am\u00e9rica<\/a> donde tengo la oportunidad de probar por vez primera una red inhalambrica wifi gratuita.<\/p>\n<p>Estar\u00e9 en Madrid los dias 1 y 2 invitado por\u00a0la <a href=\"www.fecyt.es\">Fundaci\u00f3n Espa\u00f1ola para la Ciencia y la Tecnolog\u00eda<\/a> (FECYT) a\u00a0una actividad encaminada a fomentar el proceso de reflexi\u00f3n sobre la situaci\u00f3n actual de la ciencia en el sistema educativo espa\u00f1ol con el fin de identificar los problemas que existen hoy en d\u00eda y formular recomendaciones para su mejora.<\/p>\n<p>La FECYT es una entidad sin \u00e1nimo de lucro con muchas l\u00edneas de actuaci\u00f3n en torno a la ciencia. Por ejemplo, han desarrollado la <a href=\"http:\/\/semanadelaciencia2005.fecyt.es\/SC2005\/\">Semana de la Ciencia 2005<\/a> con multitud de actividades. <br \/>Espero encontrarme en la reuni\u00f3n ma\u00f1ana con\u00a0los famosos blogfesores\u00a0<a href=\"http:\/\/www.adelat.org\/\">Anibal de la Torre<\/a> y <a href=\"http:\/\/www.e-profes.net\/blog\/\">Jos\u00e9 Cuerva<\/a> a los que\u00a0tengo un mont\u00f3n de ganas de conocer personalmente. Tampoco descarto que ma\u00f1ana se pase por el Hotel <a href=\"http:\/\/fresno.cnice.mecd.es\/~avaler3\/\">Alejandro Valero<\/a> si es que puede&#8230;<br \/>Bueno voy a seguir navegando un rato por el morro&#8230;<\/p>\n<p><strong>Actualizaci\u00f3n<\/strong>: <a href=\"http:\/\/www.adelat.org\/index.php?title=profes_aamp_blogs_aamp_beers_ahora_si&#038;more=1&#038;c=1&#038;tb=1&#038;pb=1\">acabo de leer<\/a> en el blog de Anibal que aprovechando que andamos por aqu\u00ed\u00a0ma\u00f1ana jueves 1 de diciembre a las 19&#8217;30 horas esta\u00eds todos invitados a ir\u00a0al Caf\u00e9 Oriente (Plaza de Oriente &#8211; Madrid) donde podr\u00e9is asistir al primer Profes &amp; Blogs &amp; Beers.<\/p>\n","protected":false},"excerpt":{"rendered":"<p>He llegado hace un media hora al Hotel Melia Avenida de Am\u00e9rica donde tengo la oportunidad de probar por vez primera una red inhalambrica wifi gratuita. Estar\u00e9 en Madrid los dias 1 y 2 invitado por\u00a0la Fundaci\u00f3n Espa\u00f1ola para la Ciencia y la Tecnolog\u00eda (FECYT) a\u00a0una actividad encaminada a fomentar el proceso de reflexi\u00f3n sobre [&hellip;]<\/p>\n","protected":false},"author":1,"featured_media":0,"comment_status":"open","ping_status":"open","sticky":false,"template":"","format":"standard","meta":{"footnotes":""},"categories":[7],"tags":[],"class_list":["post-622","post","type-post","status-publish","format-standard","hentry","category-personal"],"_links":{"self":[{"href":"http:\/\/aula21.net\/aulablog21\/wp-json\/wp\/v2\/posts\/622","targetHints":{"allow":["GET"]}}],"collection":[{"href":"http:\/\/aula21.net\/aulablog21\/wp-json\/wp\/v2\/posts"}],"about":[{"href":"http:\/\/aula21.net\/aulablog21\/wp-json\/wp\/v2\/types\/post"}],"author":[{"embeddable":true,"href":"http:\/\/aula21.net\/aulablog21\/wp-json\/wp\/v2\/users\/1"}],"replies":[{"embeddable":true,"href":"http:\/\/aula21.net\/aulablog21\/wp-json\/wp\/v2\/comments?post=622"}],"version-history":[{"count":0,"href":"http:\/\/aula21.net\/aulablog21\/wp-json\/wp\/v2\/posts\/622\/revisions"}],"wp:attachment":[{"href":"http:\/\/aula21.net\/aulablog21\/wp-json\/wp\/v2\/media?parent=622"}],"wp:term":[{"taxonomy":"category","embeddable":true,"href":"http:\/\/aula21.net\/aulablog21\/wp-json\/wp\/v2\/categories?post=622"},{"taxonomy":"post_tag","embeddable":true,"href":"http:\/\/aula21.net\/aulablog21\/wp-json\/wp\/v2\/tags?post=622"}],"curies":[{"name":"wp","href":"https:\/\/api.w.org\/{rel}","templated":true}]}}