{"id":6241,"date":"2012-03-06T20:52:26","date_gmt":"2012-03-06T19:52:26","guid":{"rendered":"http:\/\/aula21.net\/aulablog21\/?p=6241"},"modified":"2012-03-11T19:50:08","modified_gmt":"2012-03-11T18:50:08","slug":"concurso-de-blogs-que-estas-leyendo","status":"publish","type":"post","link":"http:\/\/aula21.net\/aulablog21\/archives\/2012\/03\/06\/concurso-de-blogs-que-estas-leyendo\/","title":{"rendered":"Concurso de blogs. \u00bfQu\u00e9 est\u00e1s leyendo?"},"content":{"rendered":"<p><!--adsense--><\/p>\n<div>\n<div><a href=\"http:\/\/aula21.net\/aulablog21\/wp-content\/uploads\/2012\/03\/questasleyendo1.gif\"><img loading=\"lazy\" decoding=\"async\" class=\"alignleft size-full wp-image-6242\" style=\"margin-left: 10px; margin-right: 10px; border: 1px solid black;\" title=\"questasleyendo1\" src=\"http:\/\/aula21.net\/aulablog21\/wp-content\/uploads\/2012\/03\/questasleyendo1.gif\" alt=\"\" width=\"150\" height=\"81\" \/><\/a>La\u00a0<a title=\"Organizaci\u00f3n de Estados Iberoamericanos\" href=\"http:\/\/www.oei.es\/index.php\" target=\"_parent\">Organizaci\u00f3n de Estados Iberoamericanos<\/a>, con el apoyo de los distintos Ministerios de Educaci\u00f3n de los pa\u00edses pertenecientes a la OEI y la\u00a0<a title=\"AECID\" href=\"http:\/\/www.aecid.es\/es\/\" target=\"_blank\">Agencia Espa\u00f1ola para la Cooperaci\u00f3n Internacional para el Desarrolllo<\/a>, ha convocado un concurso de blogs, dirigido a alumnado con edades comprendidas entre los 12 y los 15 a\u00f1os.<\/div>\n<\/div>\n<p>El concurso tiene por lema\u00a0<strong>\u00bfQu\u00e9 est\u00e1s leyendo?<\/strong>, y posee un espacio de encuentro para los alumnos y alumnas participantes en la p\u00e1gina\u00a0<a title=\"\u00bfQu\u00e9 est\u00e1s leyendo?\" href=\"http:\/\/www.questasleyendo.org\/\" target=\"_parent\">www.questasleyendo.org<\/a><br \/>\n<iframe loading=\"lazy\" width=\"460\" height=\"315\" src=\"http:\/\/www.youtube.com\/embed\/Po1B4aAjnvg\" frameborder=\"0\" allowfullscreen><\/iframe><\/p>\n<p>&nbsp;<\/p>\n<p>Para participar en el concurso basta crear una bit\u00e1cora en cualquier servicio gratuito de blogs. Tambi\u00e9n es posible participar con un blog ya existente. Adem\u00e1s, se puede participar en la convocatoria de forma individual o en grupo. Una posibilidad muy interesante igualmente admitida es la participaci\u00f3n del conjunto de una clase, en cuyo caso se recomienda que el trabajo sea guiado por alg\u00fan profesor o profesora.<\/p>\n<p>En cada bit\u00e1cora se pueden mostrar diversas facetas relacionadas con el mundo de la lectura:<\/p>\n<p><em>\u00abdesde el acercamiento a los textos (cuando exploran posibles lecturas, buscan, dudan, eligen, descartan&#8230;), a la construcci\u00f3n colectiva del sentido de los textos (comentando, preguntando, reelaborando, contrastando, debatiendo&#8230;). Pero el blog puede ser, tambi\u00e9n, un espacio interesado por el\u00a0 contexto de creaci\u00f3n y hacerse eco de ello (por la edici\u00f3n, los autores, los ilustradores&#8230;), o por la extensi\u00f3n de la lectura hacia otros \u00e1mbitos como el cine, el videojuego, el teatro, la m\u00fasica, la fotograf\u00eda, el dise\u00f1o gr\u00e1fico, la pintura&#8230;\u00bb<\/em><\/p>\n<p>El plazo para inscribir los blogs termina el 30 de mayo de 2012. Las bit\u00e1coras ser\u00e1n evaluadas desde el inicio de la convocatoria hasta el 31 de julio de 2012. Para realizar la inscripci\u00f3n basta completar el\u00a0<a title=\"Formulario de inscripci\u00f3n\" href=\"http:\/\/questasleyendo.org\/participar.php\" target=\"_parent\">siguiente formulario<\/a>.<\/p>\n<p>En la p\u00e1gina del concurso se ir\u00e1n publicando las direcciones de las bit\u00e1coras participantes. Merece la pena visitar la p\u00e1gina, pues encontraremos, entre otras secciones, el apartado\u00a0<strong>M\u00edralo<\/strong>\u00a0con\u00a0<strong>voces<\/strong>\u00a0de lectores y escritores que aportan su pasi\u00f3n por la lectura.<\/p>\n<p>Para disponer de informaci\u00f3n detallada, te recomendamos consultes las\u00a0<a title=\"Bases del concurso \u00bfQu\u00e9 est\u00e1s leyendo?\" href=\"http:\/\/questasleyendo.org\/bases.pdf\" target=\"_parent\">bases del concurso<\/a>.<\/p>\n<div>Fuente:<\/div>\n<p><a href=\"http:\/\/recursostic.educacion.es\/buenaspracticas20\/web\/es\/difundiendo-buenas-practicas\/624-ique-estas-leyendo\" target=\"_blank\">\u00bfQu\u00e9 est\u00e1s leyendo?<\/a><\/p>\n","protected":false},"excerpt":{"rendered":"<p>La\u00a0Organizaci\u00f3n de Estados Iberoamericanos, con el apoyo de los distintos Ministerios de Educaci\u00f3n de los pa\u00edses pertenecientes a la OEI y la\u00a0Agencia Espa\u00f1ola para la Cooperaci\u00f3n Internacional para el Desarrolllo, ha convocado un concurso de blogs, dirigido a alumnado con edades comprendidas entre los 12 y los 15 a\u00f1os. El concurso tiene por lema\u00a0\u00bfQu\u00e9 est\u00e1s [&hellip;]<\/p>\n","protected":false},"author":1,"featured_media":0,"comment_status":"open","ping_status":"open","sticky":false,"template":"","format":"standard","meta":{"footnotes":""},"categories":[2],"tags":[],"class_list":["post-6241","post","type-post","status-publish","format-standard","hentry","category-weblogs_en_el_aula"],"_links":{"self":[{"href":"http:\/\/aula21.net\/aulablog21\/wp-json\/wp\/v2\/posts\/6241","targetHints":{"allow":["GET"]}}],"collection":[{"href":"http:\/\/aula21.net\/aulablog21\/wp-json\/wp\/v2\/posts"}],"about":[{"href":"http:\/\/aula21.net\/aulablog21\/wp-json\/wp\/v2\/types\/post"}],"author":[{"embeddable":true,"href":"http:\/\/aula21.net\/aulablog21\/wp-json\/wp\/v2\/users\/1"}],"replies":[{"embeddable":true,"href":"http:\/\/aula21.net\/aulablog21\/wp-json\/wp\/v2\/comments?post=6241"}],"version-history":[{"count":0,"href":"http:\/\/aula21.net\/aulablog21\/wp-json\/wp\/v2\/posts\/6241\/revisions"}],"wp:attachment":[{"href":"http:\/\/aula21.net\/aulablog21\/wp-json\/wp\/v2\/media?parent=6241"}],"wp:term":[{"taxonomy":"category","embeddable":true,"href":"http:\/\/aula21.net\/aulablog21\/wp-json\/wp\/v2\/categories?post=6241"},{"taxonomy":"post_tag","embeddable":true,"href":"http:\/\/aula21.net\/aulablog21\/wp-json\/wp\/v2\/tags?post=6241"}],"curies":[{"name":"wp","href":"https:\/\/api.w.org\/{rel}","templated":true}]}}