{"id":628,"date":"2005-12-05T00:51:51","date_gmt":"2005-12-04T23:51:51","guid":{"rendered":"http:\/\/127.0.0.1\/wordpress2\/index.php\/archives\/2005\/12\/05\/los-recursos-informaticos-en-la-escuela-de-la-sociedad-de-la-informacion-deseo-y-realidad\/"},"modified":"2005-12-05T00:51:51","modified_gmt":"2005-12-04T23:51:51","slug":"los-recursos-informaticos-en-la-escuela-de-la-sociedad-de-la-informacion-deseo-y-realidad","status":"publish","type":"post","link":"http:\/\/aula21.net\/aulablog21\/archives\/2005\/12\/05\/los-recursos-informaticos-en-la-escuela-de-la-sociedad-de-la-informacion-deseo-y-realidad\/","title":{"rendered":"Los recursos inform\u00e1ticos en la escuela de la sociedad de la informaci\u00f3n: deseo y realidad"},"content":{"rendered":"<p><a href=\"http:\/\/www.bib.uab.es\/pub\/educar\/0211819Xn29p125.pdf\">Los recursos inform\u00e1ticos en la escuela de la sociedad de la informaci\u00f3n: deseo y realidad<\/a>\u00a0(pdf 20 p\u00e1ginas), es un art\u00edculo de Alejandra Bosco\u00a0 de la Universitat Aut\u00f3noma de Barcelona. <\/p>\n<p><span style=\"FONT-SIZE: 12pt; FONT-FAMILY: Arial\">El art\u00edculo est\u00e1 basado en una investigaci\u00f3n, cuyo foco central es el an\u00e1lisis de la relaci\u00f3n que se establece en un centro educativo con los recursos inform\u00e1ticos. Una relaci\u00f3n que comienza con la demanda del centro a la administraci\u00f3n para incorporar estas herramientas de la ense\u00f1anza y que culmina con el impacto mismo que \u00e9stas tienen en los procesos de aprendizaje de los ni\u00f1os y ni\u00f1as. Los resultados de esta investigaci\u00f3n demuestran c\u00f3mo los materiales de ense\u00f1anza no son suficientes para promover mejoras, y de c\u00f3mo sus caracter\u00edsticas intr\u00ednsecas en primera instancia y el contexto en el cual quedan insertos tienen una importante influencia.<\/span><\/p>\n","protected":false},"excerpt":{"rendered":"<p>Los recursos inform\u00e1ticos en la escuela de la sociedad de la informaci\u00f3n: deseo y realidad\u00a0(pdf 20 p\u00e1ginas), es un art\u00edculo de Alejandra Bosco\u00a0 de la Universitat Aut\u00f3noma de Barcelona. El art\u00edculo est\u00e1 basado en una investigaci\u00f3n, cuyo foco central es el an\u00e1lisis de la relaci\u00f3n que se establece en un centro educativo con los recursos [&hellip;]<\/p>\n","protected":false},"author":1,"featured_media":0,"comment_status":"open","ping_status":"open","sticky":false,"template":"","format":"standard","meta":{"footnotes":""},"categories":[8],"tags":[],"class_list":["post-628","post","type-post","status-publish","format-standard","hentry","category-educacion_e_internet"],"_links":{"self":[{"href":"http:\/\/aula21.net\/aulablog21\/wp-json\/wp\/v2\/posts\/628","targetHints":{"allow":["GET"]}}],"collection":[{"href":"http:\/\/aula21.net\/aulablog21\/wp-json\/wp\/v2\/posts"}],"about":[{"href":"http:\/\/aula21.net\/aulablog21\/wp-json\/wp\/v2\/types\/post"}],"author":[{"embeddable":true,"href":"http:\/\/aula21.net\/aulablog21\/wp-json\/wp\/v2\/users\/1"}],"replies":[{"embeddable":true,"href":"http:\/\/aula21.net\/aulablog21\/wp-json\/wp\/v2\/comments?post=628"}],"version-history":[{"count":0,"href":"http:\/\/aula21.net\/aulablog21\/wp-json\/wp\/v2\/posts\/628\/revisions"}],"wp:attachment":[{"href":"http:\/\/aula21.net\/aulablog21\/wp-json\/wp\/v2\/media?parent=628"}],"wp:term":[{"taxonomy":"category","embeddable":true,"href":"http:\/\/aula21.net\/aulablog21\/wp-json\/wp\/v2\/categories?post=628"},{"taxonomy":"post_tag","embeddable":true,"href":"http:\/\/aula21.net\/aulablog21\/wp-json\/wp\/v2\/tags?post=628"}],"curies":[{"name":"wp","href":"https:\/\/api.w.org\/{rel}","templated":true}]}}