{"id":630,"date":"2005-12-05T19:07:20","date_gmt":"2005-12-05T18:07:20","guid":{"rendered":"http:\/\/127.0.0.1\/wordpress2\/index.php\/archives\/2005\/12\/05\/guia-legal-del-blogger\/"},"modified":"2005-12-05T19:20:34","modified_gmt":"2005-12-05T18:20:34","slug":"guia-legal-del-blogger","status":"publish","type":"post","link":"http:\/\/aula21.net\/aulablog21\/archives\/2005\/12\/05\/guia-legal-del-blogger\/","title":{"rendered":"Gu\u00eda legal del blogger"},"content":{"rendered":"<p>Ya se encuentra disponible la <strong><a href=\"http:\/\/www.derechosdigitales.org\/glb\/\" target=\"_blank\">Gu\u00eda legal del blogger<\/a><\/strong> de Chile elaborada\u00a0 por la <a href=\"http:\/\/www.derechosdigitales.org\/\">ONG Derechos Digitales<\/a> , con abundante informaci\u00f3n relativa a los aspectos legales de la publicaci\u00f3n en bit\u00e1coras personales, uso de material protegido, libertad de expresi\u00f3n, derecho de autor, Creative Commons, privacidad y derecho laboral, entre otros. <br \/>Utiliza como base la Gu\u00eda Legal elaborada por <a href=\"http:\/\/www.eff.org\/bloggers\/lg\/\">Electronic Frontier Foundation<\/a>, en ning\u00fan caso debe ser considerada asistencia jur\u00eddica profesional. S\u00f3lo un abogado que sepa los detalles de cada situaci\u00f3n particular podr\u00e1 se\u00f1alar cu\u00e1l es la mejor estrategia para enfrentar la defensa ante un caso concreto<\/p>\n<p>Ser\u00eda deseable disponer de algo similar en nuestro pais con un apartado especificamente dedicado al \u00e1mbito educativo, podriamos tomar como base <a href=\"http:\/\/www.eff.org\/bloggers\/lg\/faq-students.php\">Bloggers\u00b4FAQ &#8211; Student Blogging<\/a> y adaptarlo a nuestra naci\u00f3n de naciones.<\/p>\n","protected":false},"excerpt":{"rendered":"<p>Ya se encuentra disponible la Gu\u00eda legal del blogger de Chile elaborada\u00a0 por la ONG Derechos Digitales , con abundante informaci\u00f3n relativa a los aspectos legales de la publicaci\u00f3n en bit\u00e1coras personales, uso de material protegido, libertad de expresi\u00f3n, derecho de autor, Creative Commons, privacidad y derecho laboral, entre otros. Utiliza como base la Gu\u00eda [&hellip;]<\/p>\n","protected":false},"author":1,"featured_media":0,"comment_status":"open","ping_status":"open","sticky":false,"template":"","format":"standard","meta":{"footnotes":""},"categories":[3],"tags":[],"class_list":["post-630","post","type-post","status-publish","format-standard","hentry","category-weblogs_herramientas_trucos_etc"],"_links":{"self":[{"href":"http:\/\/aula21.net\/aulablog21\/wp-json\/wp\/v2\/posts\/630","targetHints":{"allow":["GET"]}}],"collection":[{"href":"http:\/\/aula21.net\/aulablog21\/wp-json\/wp\/v2\/posts"}],"about":[{"href":"http:\/\/aula21.net\/aulablog21\/wp-json\/wp\/v2\/types\/post"}],"author":[{"embeddable":true,"href":"http:\/\/aula21.net\/aulablog21\/wp-json\/wp\/v2\/users\/1"}],"replies":[{"embeddable":true,"href":"http:\/\/aula21.net\/aulablog21\/wp-json\/wp\/v2\/comments?post=630"}],"version-history":[{"count":0,"href":"http:\/\/aula21.net\/aulablog21\/wp-json\/wp\/v2\/posts\/630\/revisions"}],"wp:attachment":[{"href":"http:\/\/aula21.net\/aulablog21\/wp-json\/wp\/v2\/media?parent=630"}],"wp:term":[{"taxonomy":"category","embeddable":true,"href":"http:\/\/aula21.net\/aulablog21\/wp-json\/wp\/v2\/categories?post=630"},{"taxonomy":"post_tag","embeddable":true,"href":"http:\/\/aula21.net\/aulablog21\/wp-json\/wp\/v2\/tags?post=630"}],"curies":[{"name":"wp","href":"https:\/\/api.w.org\/{rel}","templated":true}]}}