{"id":634,"date":"2005-12-06T17:06:25","date_gmt":"2005-12-06T16:06:25","guid":{"rendered":"http:\/\/127.0.0.1\/wordpress2\/index.php\/archives\/2005\/12\/06\/a-pie-de-aula\/"},"modified":"2005-12-08T21:22:33","modified_gmt":"2005-12-08T20:22:33","slug":"a-pie-de-aula","status":"publish","type":"post","link":"http:\/\/aula21.net\/aulablog21\/archives\/2005\/12\/06\/a-pie-de-aula\/","title":{"rendered":"A pie de aula"},"content":{"rendered":"<p><a href=\"http:\/\/apiedeaula.bitacoras.com\/\">A pie de aula\u00a0 Blog de una docente&#8230;.m\u00e1s<\/a>, un nuevo blog que a\u00f1adir a mi lista de favoritos. Su autora nos dice que nace a la sombra de otros dos que con m\u00e1s acierto andan ya superando su infancia y camino de su madurez (vedlos <a href=\"http:\/\/jardin.bitacoras.com\/\" target=\"_blank\">I<\/a> y<a href=\"http:\/\/www.elrincondeviolante.bitacoras.com\/\" target=\"_blank\"> II<\/a>). <br \/>Otro de los blogs que mantiene es el\u00a0de los alumnos del IES Serrallarga de Blanes. Un espacio para compartir textos, comentarios&#8230;<a href=\"http:\/\/lenguablog.bitacoras.com\/\">http:\/\/lenguablog.bitacoras.com\/<\/a> , <a href=\"http:\/\/apiedeaula.bitacoras.com\/archivos\/2005\/11\/22\/tanteos-y-ab-usos-de-lenguablog\">en este art\u00edculo<\/a> Lu hace una interesante reflexi\u00f3n acerca de su experiencia con los alumnos.<br \/>Una profesora con gran creatividad como nos demuestra en su art\u00edculo <a href=\"http:\/\/apiedeaula.bitacoras.com\/archivos\/2005\/12\/01\/blog-que\">BLOG&#8230; \u00bfqu\u00e9?<\/a>, Lu ha sido la primera blogfesora que ha realizado una importante aportaci\u00f3n al diccionario de la RAE, ella y sus alumnos han escrito como deber\u00eda ser la entrada de la palabra blog cuando sea admitida, <a href=\"http:\/\/apiedeaula.bitacoras.com\/archivos\/2005\/12\/01\/blog-que\">no os perda\u00eds el impresionante resultado<\/a>. En mi nombre y en el de Mario le pedimos de todo coraz\u00f3n que sus alumnos empiecen a escribir la entrada de las numerosas palabras que se van amontonando en el \u00a0<a href=\"http:\/\/www.vidadigital.net\/blog\/2005\/12\/04\/de-blogasmos-y-blogurecciones\/\">Blogcionario de Mario<\/a>, por ejemplo:\u00a0<a href=\"http:\/\/www.vidadigital.net\/blog\/2005\/10\/02\/soy-un-blogfesor\/\" target=\"_blank\">blogfesor, bloguriosidad, blogtudiantes, blogaravilloso, blogant\u00e1stico, blogong, blogueratura&#8230; <\/a>a las que se han a\u00f1adido recientemente <a href=\"http:\/\/www.vidadigital.net\/blog\/2005\/12\/04\/de-blogasmos-y-blogurecciones\/\">algunas m\u00e1s<\/a>.<\/p>\n<p>Animos a los profes blogueros de lengua y literatura a\u00a0que abran un wiki y elaboren junto con sus alumnos\u00a0el Blogcionario Ilustrado de la Edublogosfera Hispana.<\/p>\n<p><strong>Actualizaci\u00f3n:<\/strong> <a href=\"http:\/\/www.vidadigital.net\/blog\/2005\/12\/06\/wiki-de-bloguismos\/\">acabo de descubrir que Mario<\/a> y yo tenemos telepat\u00eda, el ilustre blogfesor ha abierto <a href=\"http:\/\/vidadigital.net\/wiki\/index.php\">hoy un wiki al efecto<\/a>&#8230;<\/p>\n","protected":false},"excerpt":{"rendered":"<p>A pie de aula\u00a0 Blog de una docente&#8230;.m\u00e1s, un nuevo blog que a\u00f1adir a mi lista de favoritos. Su autora nos dice que nace a la sombra de otros dos que con m\u00e1s acierto andan ya superando su infancia y camino de su madurez (vedlos I y II). Otro de los blogs que mantiene es [&hellip;]<\/p>\n","protected":false},"author":1,"featured_media":0,"comment_status":"open","ping_status":"open","sticky":false,"template":"","format":"standard","meta":{"footnotes":""},"categories":[2],"tags":[],"class_list":["post-634","post","type-post","status-publish","format-standard","hentry","category-weblogs_en_el_aula"],"_links":{"self":[{"href":"http:\/\/aula21.net\/aulablog21\/wp-json\/wp\/v2\/posts\/634","targetHints":{"allow":["GET"]}}],"collection":[{"href":"http:\/\/aula21.net\/aulablog21\/wp-json\/wp\/v2\/posts"}],"about":[{"href":"http:\/\/aula21.net\/aulablog21\/wp-json\/wp\/v2\/types\/post"}],"author":[{"embeddable":true,"href":"http:\/\/aula21.net\/aulablog21\/wp-json\/wp\/v2\/users\/1"}],"replies":[{"embeddable":true,"href":"http:\/\/aula21.net\/aulablog21\/wp-json\/wp\/v2\/comments?post=634"}],"version-history":[{"count":0,"href":"http:\/\/aula21.net\/aulablog21\/wp-json\/wp\/v2\/posts\/634\/revisions"}],"wp:attachment":[{"href":"http:\/\/aula21.net\/aulablog21\/wp-json\/wp\/v2\/media?parent=634"}],"wp:term":[{"taxonomy":"category","embeddable":true,"href":"http:\/\/aula21.net\/aulablog21\/wp-json\/wp\/v2\/categories?post=634"},{"taxonomy":"post_tag","embeddable":true,"href":"http:\/\/aula21.net\/aulablog21\/wp-json\/wp\/v2\/tags?post=634"}],"curies":[{"name":"wp","href":"https:\/\/api.w.org\/{rel}","templated":true}]}}