{"id":6367,"date":"2012-04-28T00:24:32","date_gmt":"2012-04-27T23:24:32","guid":{"rendered":"http:\/\/aula21.net\/aulablog21\/?p=6367"},"modified":"2012-04-28T17:43:03","modified_gmt":"2012-04-28T16:43:03","slug":"en-la-nube","status":"publish","type":"post","link":"http:\/\/aula21.net\/aulablog21\/archives\/2012\/04\/28\/en-la-nube\/","title":{"rendered":"En la nube"},"content":{"rendered":"<p><!--adsense--><br \/>\n<img loading=\"lazy\" decoding=\"async\" style=\"border: 2px solid black; margin-left: 6px; margin-right: 6px; float: left;\" src=\"http:\/\/www.programalanube.es\/assets\/logo-bd831225441a21387f88fd8bc5caeeae.png\" alt=\"\" width=\"171\" height=\"104\" \/><\/p>\n<p><a href=\"http:\/\/www.programalanube.es\/\" target=\"_blank\">La nube es un nuevo\u00a0 programa <\/a>que se emite los jueves en las 2 de TVE a las 23 h.<\/p>\n<p style=\"text-align: justify;\">La primera entrega titulada <em>&#8216;Usted est\u00e1 aqu\u00ed&#8217;<\/em>, trat\u00f3 sobre la posici\u00f3n en la que se encuentra el ciudadano dentro de la revoluci\u00f3n digital. Para ello cont\u00f3 con la presencia de<em><\/em>\u00a0 <strong>Zaryn Dentzel,<\/strong> fundador de Tuenti; <strong>Basel Ramsis,<\/strong> cineasta egipcio que difundi\u00f3 a trav\u00e9s de Internet las revueltas de \u00abla primavera \u00e1rabe\u00bb; <strong>Mario Alonso Puig<\/strong>, m\u00e9dico especialista en la mente humana; y la periodista <strong>Montserrat Dom\u00ednguez<\/strong>, directora de la versi\u00f3n espa\u00f1ola de <em>&#8216;Huffigton Post&#8217;<\/em>.<\/p>\n<p>Los invitados y colaboradores son personas relacionadas con Internet en mayor o menor medida, es el caso de Sor Internet&#8230;.<br \/>\n<iframe loading=\"lazy\" src=\"http:\/\/www.youtube.com\/embed\/uyUYjiFpkQQ\" frameborder=\"0\" width=\"460\" height=\"315\"><\/iframe><\/p>\n<p><em>La Nube<\/em> tiene su propio blog: <a href=\"http:\/\/blog.rtve.es\/lanubetve\/\">Frente nuboso<\/a>., est\u00e1 presente en\u00a0 twitter\u00a0 <a href=\"https:\/\/twitter.com\/#%21\/programalanube\">@programalanube<\/a> y en Facebook en <a href=\"https:\/\/www.facebook.com\/programalanube\">programalanube<\/a>.<\/p>\n<p>Los programas anteriores completos est\u00e1n en RTVE.es <em>A la Carta<\/em> (<a href=\"http:\/\/www.rtve.es\/alacarta\/videos\/la-nube\/\">V\u00eddeos: La Nube<\/a>) y tambi\u00e9n\u00a0 tienen <a href=\"http:\/\/www.youtube.com\/user\/programalanube?feature=watch\" target=\"_blank\">canal en YouTube<\/a>.<\/p>\n","protected":false},"excerpt":{"rendered":"<p>La nube es un nuevo\u00a0 programa que se emite los jueves en las 2 de TVE a las 23 h. La primera entrega titulada &#8216;Usted est\u00e1 aqu\u00ed&#8217;, trat\u00f3 sobre la posici\u00f3n en la que se encuentra el ciudadano dentro de la revoluci\u00f3n digital. Para ello cont\u00f3 con la presencia de\u00a0 Zaryn Dentzel, fundador de Tuenti; [&hellip;]<\/p>\n","protected":false},"author":1,"featured_media":0,"comment_status":"open","ping_status":"open","sticky":false,"template":"","format":"standard","meta":{"footnotes":""},"categories":[20,28],"tags":[],"class_list":["post-6367","post","type-post","status-publish","format-standard","hentry","category-video","category-web20"],"_links":{"self":[{"href":"http:\/\/aula21.net\/aulablog21\/wp-json\/wp\/v2\/posts\/6367","targetHints":{"allow":["GET"]}}],"collection":[{"href":"http:\/\/aula21.net\/aulablog21\/wp-json\/wp\/v2\/posts"}],"about":[{"href":"http:\/\/aula21.net\/aulablog21\/wp-json\/wp\/v2\/types\/post"}],"author":[{"embeddable":true,"href":"http:\/\/aula21.net\/aulablog21\/wp-json\/wp\/v2\/users\/1"}],"replies":[{"embeddable":true,"href":"http:\/\/aula21.net\/aulablog21\/wp-json\/wp\/v2\/comments?post=6367"}],"version-history":[{"count":0,"href":"http:\/\/aula21.net\/aulablog21\/wp-json\/wp\/v2\/posts\/6367\/revisions"}],"wp:attachment":[{"href":"http:\/\/aula21.net\/aulablog21\/wp-json\/wp\/v2\/media?parent=6367"}],"wp:term":[{"taxonomy":"category","embeddable":true,"href":"http:\/\/aula21.net\/aulablog21\/wp-json\/wp\/v2\/categories?post=6367"},{"taxonomy":"post_tag","embeddable":true,"href":"http:\/\/aula21.net\/aulablog21\/wp-json\/wp\/v2\/tags?post=6367"}],"curies":[{"name":"wp","href":"https:\/\/api.w.org\/{rel}","templated":true}]}}