{"id":644,"date":"2005-12-15T12:37:37","date_gmt":"2005-12-15T11:37:37","guid":{"rendered":"http:\/\/127.0.0.1\/wordpress2\/index.php\/archives\/2005\/12\/15\/meme-sobre-edublogs\/"},"modified":"2005-12-20T11:25:31","modified_gmt":"2005-12-20T10:25:31","slug":"meme-sobre-edublogs","status":"publish","type":"post","link":"http:\/\/aula21.net\/aulablog21\/archives\/2005\/12\/15\/meme-sobre-edublogs\/","title":{"rendered":"Meme sobre edublogs"},"content":{"rendered":"<p><a href=\"http:\/\/cooperan.blogspot.com\/2005\/12\/nuestro-particular-meme-o-juego-en_14.html\">Ju\u00e1n Panadero<\/a> me pasa un <a href=\"http:\/\/www.bitacoras.com\/diccionario\/archivos\/000128.php\">meme  <\/a>sobre edublogs.<br \/><span style=\"font-weight: bold;\">&#8211; Una frase que defina tu edublog.<\/span><br \/>Aprendiz de mucho maestro de nada<br \/><span style=\"font-weight: bold;\">&#8211; Una palabra que te distinga como blogfesor.<\/span><br \/>Una no dos , blogadicto y blogxigente conmigo mismo, para a\u00f1adir al <a href=\"http:\/\/www.vidadigital.net\/wiki\/\">blogccionario<\/a><br \/><span style=\"font-weight: bold;\">&#8211; El edublog que recomendar\u00edas.<\/span><br \/>Recomendar\u00eda m\u00e1s de uno, a la derecha tene\u00eds los enlces a un mont\u00f3n de ellos pero dir\u00e9 el de <a href=\"http:\/\/www.adelat.org\">Anibal de la Torre<br \/><\/a>Y paso el testigo a mis amig@s:<\/p>\n<ul>\n<li><a href=\"http:\/\/www.vidadigital.net\/blog\/\">Mario N\u00fa\u00f1ez<\/a><\/li>\n<li><a href=\"http:\/\/blogdecarloscabanillas.blogspot.com\/\">Carlos Cabanillas<\/a><\/li>\n<li><a href=\"http:\/\/e-profes.net\/blog\/\">Jos\u00e9 Cuerva<\/a><\/li>\n<\/ul>\n","protected":false},"excerpt":{"rendered":"<p>Ju\u00e1n Panadero me pasa un meme sobre edublogs.&#8211; Una frase que defina tu edublog.Aprendiz de mucho maestro de nada&#8211; Una palabra que te distinga como blogfesor.Una no dos , blogadicto y blogxigente conmigo mismo, para a\u00f1adir al blogccionario&#8211; El edublog que recomendar\u00edas.Recomendar\u00eda m\u00e1s de uno, a la derecha tene\u00eds los enlces a un mont\u00f3n de [&hellip;]<\/p>\n","protected":false},"author":1,"featured_media":0,"comment_status":"open","ping_status":"open","sticky":false,"template":"","format":"standard","meta":{"footnotes":""},"categories":[1,2],"tags":[],"class_list":["post-644","post","type-post","status-publish","format-standard","hentry","category-miscelanea","category-weblogs_en_el_aula"],"_links":{"self":[{"href":"http:\/\/aula21.net\/aulablog21\/wp-json\/wp\/v2\/posts\/644","targetHints":{"allow":["GET"]}}],"collection":[{"href":"http:\/\/aula21.net\/aulablog21\/wp-json\/wp\/v2\/posts"}],"about":[{"href":"http:\/\/aula21.net\/aulablog21\/wp-json\/wp\/v2\/types\/post"}],"author":[{"embeddable":true,"href":"http:\/\/aula21.net\/aulablog21\/wp-json\/wp\/v2\/users\/1"}],"replies":[{"embeddable":true,"href":"http:\/\/aula21.net\/aulablog21\/wp-json\/wp\/v2\/comments?post=644"}],"version-history":[{"count":0,"href":"http:\/\/aula21.net\/aulablog21\/wp-json\/wp\/v2\/posts\/644\/revisions"}],"wp:attachment":[{"href":"http:\/\/aula21.net\/aulablog21\/wp-json\/wp\/v2\/media?parent=644"}],"wp:term":[{"taxonomy":"category","embeddable":true,"href":"http:\/\/aula21.net\/aulablog21\/wp-json\/wp\/v2\/categories?post=644"},{"taxonomy":"post_tag","embeddable":true,"href":"http:\/\/aula21.net\/aulablog21\/wp-json\/wp\/v2\/tags?post=644"}],"curies":[{"name":"wp","href":"https:\/\/api.w.org\/{rel}","templated":true}]}}