{"id":6474,"date":"2012-05-18T21:53:31","date_gmt":"2012-05-18T20:53:31","guid":{"rendered":"http:\/\/aula21.net\/aulablog21\/?p=6474"},"modified":"2012-05-18T22:44:09","modified_gmt":"2012-05-18T21:44:09","slug":"para-todos-la-2-las-tic-modifican-el-modo-de-aprender","status":"publish","type":"post","link":"http:\/\/aula21.net\/aulablog21\/archives\/2012\/05\/18\/para-todos-la-2-las-tic-modifican-el-modo-de-aprender\/","title":{"rendered":"Para todos La 2 &#8211; Las TIC modifican el modo de aprender"},"content":{"rendered":"<p><!--adsense--><br \/>\nEn <a href=\"http:\/\/www.rtve.es\/television\/para-todos-la-2\/\"><strong>Para todos la 2<\/strong>\u00a0 <\/a>se ha emitido el programa titulado\u00a0<a href=\"http:\/\/www.rtve.es\/alacarta\/videos\/para-todos-la-2\/para-todos-2-tic-modifican-modo-aprender\/1411602\/\" target=\"_blank\"> Las TIC modifican el modo de aprender<\/a>.<br \/>\nColoquio entre Miguel Santamar\u00eda, Profesor de Econ\u00f3micas y Vicerrector de Coordinaci\u00f3n, Calidad e Innovaci\u00f3n de la Universidad Nacional de Educaci\u00f3n a Distancia; y \u00d3scar Fuente, Director de Open IEBS.<\/p>\n<p><a href=\"http:\/\/www.rtve.es\/alacarta\/videos\/para-todos-la-2\/para-todos-2-tic-modifican-modo-aprender\/1411602\/\" target=\"_blank\"><img loading=\"lazy\" decoding=\"async\" class=\" wp-image-6475 aligncenter\" title=\"Captura de pantalla 2012-05-18 a la(s) 22.52.04\" src=\"http:\/\/aula21.net\/aulablog21\/wp-content\/uploads\/2012\/05\/Captura-de-pantalla-2012-05-18-a-las-22.52.04.png\" alt=\"\" width=\"476\" height=\"270\" srcset=\"http:\/\/aula21.net\/aulablog21\/wp-content\/uploads\/2012\/05\/Captura-de-pantalla-2012-05-18-a-las-22.52.04.png 589w, http:\/\/aula21.net\/aulablog21\/wp-content\/uploads\/2012\/05\/Captura-de-pantalla-2012-05-18-a-las-22.52.04-300x171.png 300w\" sizes=\"auto, (max-width: 476px) 100vw, 476px\" \/><\/a><\/p>\n<blockquote><p>El entorno cambiante y tecnol\u00f3gico que nos rodea plantea muchas novedades en el mundo formativo.<\/p>\n<p>Desde la educaci\u00f3n obligatoria hasta la formaci\u00f3n de formadores, en todas las fases se vive la introducci\u00f3n de nuevas herramientas y nuevas formas de aprender. \u00bfHasta qu\u00e9 punto los modelos tradicionales ya son obsoletos si todav\u00eda estamos en la escuela 1.0 para formar estudiantes 3.0?<\/p>\n<p>En la web del programa tenemos <a href=\"http:\/\/www.rtve.es\/television\/para-todos-la-2\/\">acceso a otros muchos v\u00eddeos de inter\u00e9s educativo.<\/a> El programa se emite de lunes a viernes entre las 12.00 h y las 13.40 h en La 2.<\/p><\/blockquote>\n","protected":false},"excerpt":{"rendered":"<p>En Para todos la 2\u00a0 se ha emitido el programa titulado\u00a0 Las TIC modifican el modo de aprender. Coloquio entre Miguel Santamar\u00eda, Profesor de Econ\u00f3micas y Vicerrector de Coordinaci\u00f3n, Calidad e Innovaci\u00f3n de la Universidad Nacional de Educaci\u00f3n a Distancia; y \u00d3scar Fuente, Director de Open IEBS. El entorno cambiante y tecnol\u00f3gico que nos rodea [&hellip;]<\/p>\n","protected":false},"author":1,"featured_media":0,"comment_status":"open","ping_status":"open","sticky":false,"template":"","format":"standard","meta":{"footnotes":""},"categories":[8,20,28],"tags":[],"class_list":["post-6474","post","type-post","status-publish","format-standard","hentry","category-educacion_e_internet","category-video","category-web20"],"_links":{"self":[{"href":"http:\/\/aula21.net\/aulablog21\/wp-json\/wp\/v2\/posts\/6474","targetHints":{"allow":["GET"]}}],"collection":[{"href":"http:\/\/aula21.net\/aulablog21\/wp-json\/wp\/v2\/posts"}],"about":[{"href":"http:\/\/aula21.net\/aulablog21\/wp-json\/wp\/v2\/types\/post"}],"author":[{"embeddable":true,"href":"http:\/\/aula21.net\/aulablog21\/wp-json\/wp\/v2\/users\/1"}],"replies":[{"embeddable":true,"href":"http:\/\/aula21.net\/aulablog21\/wp-json\/wp\/v2\/comments?post=6474"}],"version-history":[{"count":0,"href":"http:\/\/aula21.net\/aulablog21\/wp-json\/wp\/v2\/posts\/6474\/revisions"}],"wp:attachment":[{"href":"http:\/\/aula21.net\/aulablog21\/wp-json\/wp\/v2\/media?parent=6474"}],"wp:term":[{"taxonomy":"category","embeddable":true,"href":"http:\/\/aula21.net\/aulablog21\/wp-json\/wp\/v2\/categories?post=6474"},{"taxonomy":"post_tag","embeddable":true,"href":"http:\/\/aula21.net\/aulablog21\/wp-json\/wp\/v2\/tags?post=6474"}],"curies":[{"name":"wp","href":"https:\/\/api.w.org\/{rel}","templated":true}]}}