{"id":6507,"date":"2012-06-11T15:02:05","date_gmt":"2012-06-11T14:02:05","guid":{"rendered":"http:\/\/aula21.net\/aulablog21\/?p=6507"},"modified":"2012-07-31T12:28:17","modified_gmt":"2012-07-31T11:28:17","slug":"uno-de-los-dias-mas-felices-de-mi-vida","status":"publish","type":"post","link":"http:\/\/aula21.net\/aulablog21\/archives\/2012\/06\/11\/uno-de-los-dias-mas-felices-de-mi-vida\/","title":{"rendered":"Uno de los d\u00edas mas felices de mi vida"},"content":{"rendered":"<p><!--adsense--><\/p>\n<p style=\"text-align: justify;\"><a href=\"http:\/\/aula21.net\/aulablog21\/wp-content\/uploads\/2012\/06\/659353_1.jpg\"><img loading=\"lazy\" decoding=\"async\" class=\"alignleft size-full wp-image-6508\" style=\"margin-left: 8px; margin-right: 8px;\" title=\"659353_1\" src=\"http:\/\/aula21.net\/aulablog21\/wp-content\/uploads\/2012\/06\/659353_1.jpg\" alt=\"\" width=\"325\" height=\"189\" srcset=\"http:\/\/aula21.net\/aulablog21\/wp-content\/uploads\/2012\/06\/659353_1.jpg 325w, http:\/\/aula21.net\/aulablog21\/wp-content\/uploads\/2012\/06\/659353_1-300x174.jpg 300w\" sizes=\"auto, (max-width: 325px) 100vw, 325px\" \/><\/a>El s\u00e1bado 9 de junio disfrut\u00e9 uno de los d\u00edas m\u00e1s felices de mi vida. Nos reunimos la gente que en el a\u00f1o 1967 comenzamos en el curso de parvulitos\u00a0 y que este a\u00f1o cumplimos los 50, estuvimos desde las 10 de la ma\u00f1ana hasta las 3 de la madrugada.<\/p>\n<p style=\"text-align: justify;\">Gracias a todos por todo y en especial a los organizadores con Manuel Mato a la cabeza.<\/p>\n<p style=\"text-align: justify;\">Esto no termina aqu\u00ed, queremos fundar la Asociaci\u00f3n de Alumnos de la Aneja (actual CEIP Arias Montano) de Badajoz.<\/p>\n<p>Asistiron 5 de nuestros profesores, entre ellos la Se\u00f1orita Sole Ayuso que fue nuestra primera maestra y la impresionante cifra de 65 compa\u00f1eros.<\/p>\n<p>Hoy aparece <a href=\"http:\/\/www.elperiodicoextremadura.com\/noticias\/badajoz\/antiguos-alumnos-de-aneja-se-encuentran-en-ciudad_659353.html\" target=\"_blank\">la noticia\u00a0 en el Peri\u00f3dico regional Extremadura<\/a>.<\/p>\n<p>He publicado la presentaci\u00f3n que he hecho para la ocasi\u00f3n en formato ppt.<br \/>\n<iframe loading=\"lazy\" src=\"https:\/\/docs.google.com\/presentation\/embed?id=16xJqYDJlcB4XtenpyoFaONaj4kFWmjNKZFg6UBM7XdA&amp;start=false&amp;loop=false&amp;delayms=3000\" frameborder=\"0\" width=\"470\" height=\"453\"><\/iframe><\/p>\n<p>y en formato v\u00eddeo con m\u00fasica y efectos de transici\u00f3n entre diapositivas en YouTube.<br \/>\n<iframe loading=\"lazy\" src=\"http:\/\/www.youtube.com\/embed\/jLTe_U09kQw\" frameborder=\"0\" width=\"460\" height=\"315\"><\/iframe><br \/>\nM\u00e1s cosas en la<a href=\"https:\/\/www.facebook.com\/events\/315338211873010\/\" target=\"_blank\"> p\u00e1gina del evento en Facebook<\/a>.<\/p>\n","protected":false},"excerpt":{"rendered":"<p>El s\u00e1bado 9 de junio disfrut\u00e9 uno de los d\u00edas m\u00e1s felices de mi vida. Nos reunimos la gente que en el a\u00f1o 1967 comenzamos en el curso de parvulitos\u00a0 y que este a\u00f1o cumplimos los 50, estuvimos desde las 10 de la ma\u00f1ana hasta las 3 de la madrugada. Gracias a todos por todo [&hellip;]<\/p>\n","protected":false},"author":1,"featured_media":0,"comment_status":"open","ping_status":"open","sticky":false,"template":"","format":"standard","meta":{"footnotes":""},"categories":[7],"tags":[],"class_list":["post-6507","post","type-post","status-publish","format-standard","hentry","category-personal"],"_links":{"self":[{"href":"http:\/\/aula21.net\/aulablog21\/wp-json\/wp\/v2\/posts\/6507","targetHints":{"allow":["GET"]}}],"collection":[{"href":"http:\/\/aula21.net\/aulablog21\/wp-json\/wp\/v2\/posts"}],"about":[{"href":"http:\/\/aula21.net\/aulablog21\/wp-json\/wp\/v2\/types\/post"}],"author":[{"embeddable":true,"href":"http:\/\/aula21.net\/aulablog21\/wp-json\/wp\/v2\/users\/1"}],"replies":[{"embeddable":true,"href":"http:\/\/aula21.net\/aulablog21\/wp-json\/wp\/v2\/comments?post=6507"}],"version-history":[{"count":0,"href":"http:\/\/aula21.net\/aulablog21\/wp-json\/wp\/v2\/posts\/6507\/revisions"}],"wp:attachment":[{"href":"http:\/\/aula21.net\/aulablog21\/wp-json\/wp\/v2\/media?parent=6507"}],"wp:term":[{"taxonomy":"category","embeddable":true,"href":"http:\/\/aula21.net\/aulablog21\/wp-json\/wp\/v2\/categories?post=6507"},{"taxonomy":"post_tag","embeddable":true,"href":"http:\/\/aula21.net\/aulablog21\/wp-json\/wp\/v2\/tags?post=6507"}],"curies":[{"name":"wp","href":"https:\/\/api.w.org\/{rel}","templated":true}]}}