{"id":6518,"date":"2012-06-13T13:00:12","date_gmt":"2012-06-13T12:00:12","guid":{"rendered":"http:\/\/aula21.net\/aulablog21\/?p=6518"},"modified":"2012-06-13T13:01:55","modified_gmt":"2012-06-13T12:01:55","slug":"titulo-de-especialista-en-educacion-bilingu%cc%88e-en-la-uex","status":"publish","type":"post","link":"http:\/\/aula21.net\/aulablog21\/archives\/2012\/06\/13\/titulo-de-especialista-en-educacion-bilingu%cc%88e-en-la-uex\/","title":{"rendered":"T\u00edtulo de Especialista en Educaci\u00f3n Bilingu\u0308e en la UEX"},"content":{"rendered":"<p>T\u00edtulo de Especialista en Educaci\u00f3n Biling\u00fce conducente al M\u00e1ster en Educaci\u00f3n Biling\u00fce (espa\u00f1ol-ingl\u00e9s) impartido por el Departamento de Filolog\u00eda Inglesa de la Facultad de Educaci\u00f3n de la Universidad de Extremadura<br \/>\nPosibilidad de formaci\u00f3n ling\u00fc\u00edstica para la certificaci\u00f3n de nivel B2 en el ILM de la Universidad de Extremadura.<br \/>\nFormaci\u00f3n destinada a profesionales para la implantaci\u00f3n y\/o desarrollo de proyectos bilingu\u00fcs en centros educativos.<\/p>\n<p><a href=\"http:\/\/aula21.net\/aulablog21\/wp-content\/uploads\/2012\/06\/Captura-de-pantalla-2012-06-13-a-las-13.55.55.png\"><img loading=\"lazy\" decoding=\"async\" class=\"wp-image-6519 aligncenter\" title=\"Captura de pantalla 2012-06-13 a la(s) 13.55.55\" src=\"http:\/\/aula21.net\/aulablog21\/wp-content\/uploads\/2012\/06\/Captura-de-pantalla-2012-06-13-a-las-13.55.55.png\" alt=\"\" width=\"413\" height=\"227\" srcset=\"http:\/\/aula21.net\/aulablog21\/wp-content\/uploads\/2012\/06\/Captura-de-pantalla-2012-06-13-a-las-13.55.55.png 787w, http:\/\/aula21.net\/aulablog21\/wp-content\/uploads\/2012\/06\/Captura-de-pantalla-2012-06-13-a-las-13.55.55-300x165.png 300w, http:\/\/aula21.net\/aulablog21\/wp-content\/uploads\/2012\/06\/Captura-de-pantalla-2012-06-13-a-las-13.55.55-768x423.png 768w\" sizes=\"auto, (max-width: 413px) 100vw, 413px\" \/><\/a><\/p>\n<ul>\n<li>Plataforma virtual Moodle<\/li>\n<\/ul>\n<ul>\n<li>T\u00edtulo de Especialista (Trimestre I): 21 cr\u00e9ditos ECTS<\/li>\n<\/ul>\n<ul>\n<li>M\u00e1ster completo: 60 cr\u00e9ditos ECTS<\/li>\n<\/ul>\n<ul>\n<li>Fechas y horario: De octubre a diciembre de 2012. Horario de tarde, 1 \u00f3 2 d\u00edas por semana<\/li>\n<\/ul>\n<ul>\n<li>Periodo de inscripci\u00f3n: Del 1 al 30 de junio de 2012<\/li>\n<\/ul>\n<ul>\n<li>Periodo de matr\u00edcula: Del 1 al 15 de julio de 2012<\/li>\n<\/ul>\n<p>Precio: 800 \u20ac<br \/>\nFormaci\u00f3n certificaci\u00f3n B2: +340<a href=\"http:\/\/goo.gl\/4LGom\" target=\"_blank\"><br \/>\nInscripci\u00f3n on line rellenado este formualario.<\/a><\/p>\n<p>&nbsp;<\/p>\n","protected":false},"excerpt":{"rendered":"<p>T\u00edtulo de Especialista en Educaci\u00f3n Biling\u00fce conducente al M\u00e1ster en Educaci\u00f3n Biling\u00fce (espa\u00f1ol-ingl\u00e9s) impartido por el Departamento de Filolog\u00eda Inglesa de la Facultad de Educaci\u00f3n de la Universidad de Extremadura Posibilidad de formaci\u00f3n ling\u00fc\u00edstica para la certificaci\u00f3n de nivel B2 en el ILM de la Universidad de Extremadura. Formaci\u00f3n destinada a profesionales para la implantaci\u00f3n [&hellip;]<\/p>\n","protected":false},"author":1,"featured_media":0,"comment_status":"open","ping_status":"open","sticky":false,"template":"","format":"standard","meta":{"footnotes":""},"categories":[38],"tags":[],"class_list":["post-6518","post","type-post","status-publish","format-standard","hentry","category-formacion"],"_links":{"self":[{"href":"http:\/\/aula21.net\/aulablog21\/wp-json\/wp\/v2\/posts\/6518","targetHints":{"allow":["GET"]}}],"collection":[{"href":"http:\/\/aula21.net\/aulablog21\/wp-json\/wp\/v2\/posts"}],"about":[{"href":"http:\/\/aula21.net\/aulablog21\/wp-json\/wp\/v2\/types\/post"}],"author":[{"embeddable":true,"href":"http:\/\/aula21.net\/aulablog21\/wp-json\/wp\/v2\/users\/1"}],"replies":[{"embeddable":true,"href":"http:\/\/aula21.net\/aulablog21\/wp-json\/wp\/v2\/comments?post=6518"}],"version-history":[{"count":0,"href":"http:\/\/aula21.net\/aulablog21\/wp-json\/wp\/v2\/posts\/6518\/revisions"}],"wp:attachment":[{"href":"http:\/\/aula21.net\/aulablog21\/wp-json\/wp\/v2\/media?parent=6518"}],"wp:term":[{"taxonomy":"category","embeddable":true,"href":"http:\/\/aula21.net\/aulablog21\/wp-json\/wp\/v2\/categories?post=6518"},{"taxonomy":"post_tag","embeddable":true,"href":"http:\/\/aula21.net\/aulablog21\/wp-json\/wp\/v2\/tags?post=6518"}],"curies":[{"name":"wp","href":"https:\/\/api.w.org\/{rel}","templated":true}]}}